{"id":231,"date":"2014-09-08T21:32:50","date_gmt":"2014-09-08T19:32:50","guid":{"rendered":"https:\/\/kigo.se.vkube.cloud\/vanner\/?p=231"},"modified":"2018-03-14T17:45:54","modified_gmt":"2018-03-14T16:45:54","slug":"bilder-fran-arets-studiebesok-i-riga","status":"publish","type":"post","link":"https:\/\/www.arboretum-norr.se\/vanner\/2014\/bilder-fran-arets-studiebesok-i-riga\/","title":{"rendered":"Studieresan 2014"},"content":{"rendered":"<p>Torsdagen den 4 september samlades ett g\u00e4ng f\u00f6rv\u00e4ntansfulla V\u00e4nner p\u00e5 Ume\u00e5 Airport med destination Riga. Efter en behaglig flygresa, landade vi vid 17-tiden i Riga d\u00e4r en vresig taxichauff\u00f6r f\u00f6rde oss till v\u00e5rt hotell, Konventa Seta. Hotellets rum var utspridda i flera vackra hus i n\u00e4rheten av Peterskyrkan i den allra \u00e4ldsta delen av Riga.<\/p>\n<p><a href=\"\/wp-content\/uploads\/sites\/2\/2014\/09\/Bild-1.jpg\" rel=\"lightbox-0\"><img loading=\"lazy\" decoding=\"async\" class=\"alignnone wp-image-244\" src=\"\/wp-content\/uploads\/sites\/2\/2014\/09\/Bild-1-300x221.jpg\" alt=\"Bild 1\" width=\"500\" height=\"369\" srcset=\"\/wp-content\/uploads\/sites\/2\/2014\/09\/Bild-1-300x221.jpg 300w, \/wp-content\/uploads\/sites\/2\/2014\/09\/Bild-1-1024x755.jpg 1024w, \/wp-content\/uploads\/sites\/2\/2014\/09\/Bild-1.jpg 1958w\" sizes=\"auto, (max-width: 500px) 100vw, 500px\" \/><\/a><\/p>\n<p>Efter att vi packat upp och fr\u00e4schat upp oss, samlades vi f\u00f6r en gemensam, f\u00f6rsta middag p\u00e5 Bl\u00e5 Kon, en restaurang i n\u00e4rheten av hotellet. Restaurangen var bel\u00e4gen i ett gammalt hus med vackra v\u00e4ggm\u00e5lningar. D\u00e4r serverades vi en god m\u00e5ltid och stiftade bekantskap med Rigabalsam, som sedan blev obligatorisk till middagarna.<\/p>\n<p>F\u00f6ljande dag vaknade vi upp till sval, men solig morgon. Efter att vi intagit hotellets fruskost, som var riklig, bar det iv\u00e4g till &#8220;The Botanical Garden of the University of Latvia&#8221;. Den var bel\u00e4gen ca \u00a0km fr\u00e5n v\u00e5rt hotell i v\u00e4stlig riktning. Vi \u00e5kte \u00f6ver Dauga, floden, som rinner genom Riga och f\u00f6rbi det nybyggda biblioteket, f\u00f6r den dagen bevakat av stridsutrustade soldater. Riga \u00e4r, liksom Ume\u00e5, Europeisk kulturhuvudstad 2014, och byggde ocks\u00e5 ett bibliotek.<\/p>\n<p>Botaniska tr\u00e4dg\u00e5rden b\u00f6rjade anl\u00e4ggas 1922 och omfattar nu ca 10 hektar med ca 7500 arter fr\u00e5n 225 familjer. Under sakkunnig ledning fr\u00e5n S\u00f6ren vandrade vi runt i tr\u00e4dg\u00e5rden med en fikapaus mitt p\u00e5 dagen. Efter fikat passade vi p\u00e5 att bes\u00f6ka de n\u00e4rbel\u00e4gna v\u00e4xthusen som hade v\u00e4l uppv\u00e4xta kakte\u00e9r och storvuxna palmer. D\u00e4r fanns ocks\u00e5 n\u00e5gra exemplar av\u00a0<em>Wollemia nobilis<\/em>, som uppt\u00e4cktes s\u00e5 sent som 1994 i en nationalpark n\u00e4ra Sidney i Australien.<\/p>\n<p>Bland de lite mer ovanliga v\u00e4xterna som vi s\u00e5g under rundvandringen i parken kan n\u00e4mnas fina exemplar av Douglasgran,\u00a0<em>Pseudotsuga menziesii<\/em>, ginkgo,\u00a0<em>Ginkgo biloba<\/em>, mandel,\u00a0<em>Prunus amydalis<\/em>, korst\u00f6rne,\u00a0<em>Gleditsia tricanthos<\/em> och kinesisk sekvoja,\u00a0<em>Metasequoia glyptostroboides<\/em>. Tr\u00e4dg\u00e5rden hade ocks\u00e5 ett Dahliasortiment, som visade variationen av f\u00e4rg, h\u00f6jd och form inom Dahliasl\u00e4ktet. P\u00e5 v\u00e4gen ut passerade vi ocks\u00e5 en systematisk avdelning liksom ett sortiment av medicinalv\u00e4xter och giftiga v\u00e4xter.<\/p>\n<p>Framp\u00e5 eftermiddagen sinade orken f\u00f6r de flesta av oss och vi s\u00f6kte oss tillbaka till hotellet per sp\u00e5rvagn, en intressant resa. Eftermiddagen var fri f\u00f6r egna str\u00f6vt\u00e5g innan vi i kv\u00e4llningen samlades f\u00f6r \u00e4nnu en trevlig, gemensam m\u00e5ltid.<\/p>\n<p>F\u00f6ljande dag, l\u00f6rdag, vaknade vi upp till \u00e4nuu en solig och fin dag. F\u00f6rmiddagen var fri f\u00f6r egen disposition, d\u00e4r \u00e4ven den imponerande domkyrkan och den livliga och f\u00e4rgsprakande saluhallen s\u00e4kert lockade m\u00e5nga av oss till bes\u00f6k. Den pampiga nationaloperan var vacker bel\u00e4gen invid kanalen, som omger den \u00e4ldsta staden. Parken i anslutning till operan var vackert planerat och v\u00e4lsk\u00f6tt p\u00e5 ett s\u00e4tt, som man numera s\u00e4llan ser i Sverige. P\u00e5 eftermiddagen samlades vi f\u00f6r en promenad i parkomr\u00e5det efter kanalen till Kronvalds park, en stor park p\u00e5 ca 12 hektar och Esplanade p\u00e5 ca 9 hektar. B\u00e5da dessa parker var v\u00e4lsk\u00f6tta med b\u00f6ljande gr\u00e4sytor och uppvuxna tr\u00e4d. Bland de lite mer ovanligare tr\u00e4den kan n\u00e4mnas en stor avenbok,\u00a0<em>Carpinus betulus<\/em> och ett flertal olika valn\u00f6tstr\u00e4d,\u00a0<em>Juglans sp<\/em>.<\/p>\n<p>P\u00e5 v\u00e5r sista kv\u00e4ll i Riga, l\u00f6rdagskv\u00e4llen, var det en m\u00e4ngd musikarrangemang runt om i staden. Vi samlades f\u00f6r v\u00e5r avslutande middag, som blev en l\u00e5ng sittning, s\u00e5 vi missade en stor del av arrangemangen, men skadan uppv\u00e4gdes av att vi hade en trivsam samvaro runt borden. Morgonen d\u00e4rp\u00e5, \u00e5terigen en fin och solig dag, samlades vi g\u00f6r gemensam f\u00e4rd till flygplatsen och \u00e5terresa till Ume\u00e5. N\u00e4r vi landade hemma i Ume\u00e5 var vi alla n\u00f6jda med v\u00e5r resa och den f\u00f6rtr\u00e4ffliga och kunniga resledning som S\u00f6ren och Tommy best\u00e5tt oss med. Ett stort TACK till v\u00e5r reseledning!<\/p>\n<p>Vid tangenterna Stefan med support fr\u00e5n Sonja<\/p>\n<p><a href=\"\/wp-content\/uploads\/sites\/2\/2014\/09\/Bild-2.jpg\" rel=\"lightbox-1\"><img loading=\"lazy\" decoding=\"async\" class=\"alignnone wp-image-245 size-medium\" src=\"\/wp-content\/uploads\/sites\/2\/2014\/09\/Bild-2-300x221.jpg\" alt=\"Bild 2\" width=\"300\" height=\"221\" srcset=\"\/wp-content\/uploads\/sites\/2\/2014\/09\/Bild-2-300x221.jpg 300w, \/wp-content\/uploads\/sites\/2\/2014\/09\/Bild-2-1024x755.jpg 1024w, \/wp-content\/uploads\/sites\/2\/2014\/09\/Bild-2.jpg 1958w\" sizes=\"auto, (max-width: 300px) 100vw, 300px\" \/><\/a> <a href=\"\/wp-content\/uploads\/sites\/2\/2014\/09\/Bild-3.jpg\" rel=\"lightbox-2\"><img loading=\"lazy\" decoding=\"async\" class=\"alignnone wp-image-246 size-medium\" src=\"\/wp-content\/uploads\/sites\/2\/2014\/09\/Bild-3-300x221.jpg\" alt=\"Bild 3\" width=\"300\" height=\"221\" srcset=\"\/wp-content\/uploads\/sites\/2\/2014\/09\/Bild-3-300x221.jpg 300w, \/wp-content\/uploads\/sites\/2\/2014\/09\/Bild-3-1024x755.jpg 1024w, \/wp-content\/uploads\/sites\/2\/2014\/09\/Bild-3.jpg 1958w\" sizes=\"auto, (max-width: 300px) 100vw, 300px\" \/><\/a> <a href=\"\/wp-content\/uploads\/sites\/2\/2014\/09\/Bild-4.jpg\" rel=\"lightbox-3\"><img loading=\"lazy\" decoding=\"async\" class=\"alignnone wp-image-247 size-medium\" src=\"\/wp-content\/uploads\/sites\/2\/2014\/09\/Bild-4-300x221.jpg\" alt=\"Bild 4\" width=\"300\" height=\"221\" srcset=\"\/wp-content\/uploads\/sites\/2\/2014\/09\/Bild-4-300x221.jpg 300w, \/wp-content\/uploads\/sites\/2\/2014\/09\/Bild-4-1024x755.jpg 1024w, \/wp-content\/uploads\/sites\/2\/2014\/09\/Bild-4.jpg 1958w\" sizes=\"auto, (max-width: 300px) 100vw, 300px\" \/><\/a><a href=\"\/wp-content\/uploads\/sites\/2\/2014\/09\/20140906_105547.jpg\" rel=\"lightbox-4\"><img loading=\"lazy\" decoding=\"async\" class=\"alignnone wp-image-233 size-medium\" src=\"\/wp-content\/uploads\/sites\/2\/2014\/09\/20140906_105547-300x225.jpg\" alt=\"20140906_105547\" width=\"300\" height=\"225\" srcset=\"\/wp-content\/uploads\/sites\/2\/2014\/09\/20140906_105547-300x225.jpg 300w, \/wp-content\/uploads\/sites\/2\/2014\/09\/20140906_105547-1024x768.jpg 1024w\" sizes=\"auto, (max-width: 300px) 100vw, 300px\" \/><\/a> \u00a0<a href=\"\/wp-content\/uploads\/sites\/2\/2014\/09\/P1000155-Resized.jpg\" rel=\"lightbox-5\"><img loading=\"lazy\" decoding=\"async\" class=\"alignnone wp-image-235 size-medium\" src=\"\/wp-content\/uploads\/sites\/2\/2014\/09\/P1000155-Resized-300x225.jpg\" alt=\"P1000155 Resized\" width=\"300\" height=\"225\" srcset=\"\/wp-content\/uploads\/sites\/2\/2014\/09\/P1000155-Resized-300x225.jpg 300w, \/wp-content\/uploads\/sites\/2\/2014\/09\/P1000155-Resized-1024x768.jpg 1024w\" sizes=\"auto, (max-width: 300px) 100vw, 300px\" \/><\/a><a href=\"\/wp-content\/uploads\/sites\/2\/2014\/09\/P1000159_1.jpg\" rel=\"lightbox-6\"><img loading=\"lazy\" decoding=\"async\" class=\"alignnone wp-image-237 size-medium\" src=\"\/wp-content\/uploads\/sites\/2\/2014\/09\/P1000159_1-300x225.jpg\" alt=\"P1000159_1\" width=\"300\" height=\"225\" srcset=\"\/wp-content\/uploads\/sites\/2\/2014\/09\/P1000159_1-300x225.jpg 300w, \/wp-content\/uploads\/sites\/2\/2014\/09\/P1000159_1-1024x768.jpg 1024w\" sizes=\"auto, (max-width: 300px) 100vw, 300px\" \/><\/a><\/p>\n<p><a href=\"\/wp-content\/uploads\/sites\/2\/2014\/09\/P1000158-Resized.jpg\" rel=\"lightbox-7\"><img loading=\"lazy\" decoding=\"async\" class=\"alignnone wp-image-236 size-medium\" src=\"\/wp-content\/uploads\/sites\/2\/2014\/09\/P1000158-Resized-300x225.jpg\" alt=\"P1000158 Resized\" width=\"300\" height=\"225\" srcset=\"\/wp-content\/uploads\/sites\/2\/2014\/09\/P1000158-Resized-300x225.jpg 300w, \/wp-content\/uploads\/sites\/2\/2014\/09\/P1000158-Resized-1024x768.jpg 1024w\" sizes=\"auto, (max-width: 300px) 100vw, 300px\" \/><\/a>\u00a0<a href=\"\/wp-content\/uploads\/sites\/2\/2014\/09\/P1000173-Resized.jpg\" rel=\"lightbox-8\"><img loading=\"lazy\" decoding=\"async\" class=\"alignnone wp-image-238 size-medium\" src=\"\/wp-content\/uploads\/sites\/2\/2014\/09\/P1000173-Resized-300x225.jpg\" alt=\"P1000173 Resized\" width=\"300\" height=\"225\" srcset=\"\/wp-content\/uploads\/sites\/2\/2014\/09\/P1000173-Resized-300x225.jpg 300w, \/wp-content\/uploads\/sites\/2\/2014\/09\/P1000173-Resized-1024x768.jpg 1024w\" sizes=\"auto, (max-width: 300px) 100vw, 300px\" \/><\/a><\/p>\n<p><a href=\"\/wp-content\/uploads\/sites\/2\/2014\/09\/P1000191-rezised.jpg\" rel=\"lightbox-9\"><img loading=\"lazy\" decoding=\"async\" class=\"alignnone wp-image-239 size-medium\" src=\"\/wp-content\/uploads\/sites\/2\/2014\/09\/P1000191-rezised-300x225.jpg\" alt=\"P1000191 rezised\" width=\"300\" height=\"225\" srcset=\"\/wp-content\/uploads\/sites\/2\/2014\/09\/P1000191-rezised-300x225.jpg 300w, \/wp-content\/uploads\/sites\/2\/2014\/09\/P1000191-rezised-1024x768.jpg 1024w\" sizes=\"auto, (max-width: 300px) 100vw, 300px\" \/><\/a><a href=\"\/wp-content\/uploads\/sites\/2\/2014\/09\/P1000197-Resized.jpg\" rel=\"lightbox-10\"><img loading=\"lazy\" decoding=\"async\" class=\"alignnone wp-image-240 size-medium\" src=\"\/wp-content\/uploads\/sites\/2\/2014\/09\/P1000197-Resized-300x225.jpg\" alt=\"P1000197 Resized\" width=\"300\" height=\"225\" srcset=\"\/wp-content\/uploads\/sites\/2\/2014\/09\/P1000197-Resized-300x225.jpg 300w, \/wp-content\/uploads\/sites\/2\/2014\/09\/P1000197-Resized-1024x768.jpg 1024w\" sizes=\"auto, (max-width: 300px) 100vw, 300px\" \/><\/a><img loading=\"lazy\" decoding=\"async\" class=\"alignnone wp-image-232 size-medium\" src=\"\/wp-content\/uploads\/sites\/2\/2014\/09\/20140906_121629-300x225.jpg\" alt=\"20140906_121629\" width=\"300\" height=\"225\" srcset=\"\/wp-content\/uploads\/sites\/2\/2014\/09\/20140906_121629-300x225.jpg 300w, \/wp-content\/uploads\/sites\/2\/2014\/09\/20140906_121629-1024x768.jpg 1024w\" sizes=\"auto, (max-width: 300px) 100vw, 300px\" \/><a href=\"\/wp-content\/uploads\/sites\/2\/2014\/09\/Bild-6.jpg\" rel=\"lightbox-11\"><img loading=\"lazy\" decoding=\"async\" class=\"alignnone wp-image-249 size-medium\" src=\"\/wp-content\/uploads\/sites\/2\/2014\/09\/Bild-6-225x300.jpg\" alt=\"Bild 6\" width=\"225\" height=\"300\" srcset=\"\/wp-content\/uploads\/sites\/2\/2014\/09\/Bild-6-225x300.jpg 225w, \/wp-content\/uploads\/sites\/2\/2014\/09\/Bild-6-768x1024.jpg 768w, \/wp-content\/uploads\/sites\/2\/2014\/09\/Bild-6.jpg 1469w\" sizes=\"auto, (max-width: 225px) 100vw, 225px\" \/><\/a><a href=\"\/wp-content\/uploads\/sites\/2\/2014\/09\/Bild-5.jpg\" rel=\"lightbox-12\"><img loading=\"lazy\" decoding=\"async\" class=\"alignnone wp-image-248 size-medium\" src=\"\/wp-content\/uploads\/sites\/2\/2014\/09\/Bild-5-225x300.jpg\" alt=\"Bild 5\" width=\"225\" height=\"300\" srcset=\"\/wp-content\/uploads\/sites\/2\/2014\/09\/Bild-5-225x300.jpg 225w, \/wp-content\/uploads\/sites\/2\/2014\/09\/Bild-5-768x1024.jpg 768w, \/wp-content\/uploads\/sites\/2\/2014\/09\/Bild-5.jpg 1469w\" sizes=\"auto, (max-width: 225px) 100vw, 225px\" \/><\/a><\/p>\n<p>&nbsp;<\/p>\n","protected":false},"excerpt":{"rendered":"<p>Torsdagen den 4 september samlades ett g\u00e4ng f\u00f6rv\u00e4ntansfulla V\u00e4nner p\u00e5 Ume\u00e5 Airport med destination Riga. Efter en behaglig flygresa, landade vi vid 17-tiden i Riga d\u00e4r en vresig taxichauff\u00f6r f\u00f6rde oss till v\u00e5rt hotell, Konventa <a class=\"read-more\" title=\"L\u00e4s vidare\" href=\"https:\/\/www.arboretum-norr.se\/vanner\/2014\/bilder-fran-arets-studiebesok-i-riga\/\"> &#8230;<\/a><\/p>\n","protected":false},"author":797161,"featured_media":0,"comment_status":"closed","ping_status":"closed","sticky":false,"template":"","format":"standard","meta":{"footnotes":""},"categories":[1],"tags":[],"class_list":["post-231","post","type-post","status-publish","format-standard","hentry","category-nyheter"],"_links":{"self":[{"href":"https:\/\/www.arboretum-norr.se\/vanner\/wp-json\/wp\/v2\/posts\/231","targetHints":{"allow":["GET"]}}],"collection":[{"href":"https:\/\/www.arboretum-norr.se\/vanner\/wp-json\/wp\/v2\/posts"}],"about":[{"href":"https:\/\/www.arboretum-norr.se\/vanner\/wp-json\/wp\/v2\/types\/post"}],"author":[{"embeddable":true,"href":"https:\/\/www.arboretum-norr.se\/vanner\/wp-json\/wp\/v2\/users\/797161"}],"replies":[{"embeddable":true,"href":"https:\/\/www.arboretum-norr.se\/vanner\/wp-json\/wp\/v2\/comments?post=231"}],"version-history":[{"count":14,"href":"https:\/\/www.arboretum-norr.se\/vanner\/wp-json\/wp\/v2\/posts\/231\/revisions"}],"predecessor-version":[{"id":429,"href":"https:\/\/www.arboretum-norr.se\/vanner\/wp-json\/wp\/v2\/posts\/231\/revisions\/429"}],"wp:attachment":[{"href":"https:\/\/www.arboretum-norr.se\/vanner\/wp-json\/wp\/v2\/media?parent=231"}],"wp:term":[{"taxonomy":"category","embeddable":true,"href":"https:\/\/www.arboretum-norr.se\/vanner\/wp-json\/wp\/v2\/categories?post=231"},{"taxonomy":"post_tag","embeddable":true,"href":"https:\/\/www.arboretum-norr.se\/vanner\/wp-json\/wp\/v2\/tags?post=231"}],"curies":[{"name":"wp","href":"https:\/\/api.w.org\/{rel}","templated":true}]}}