{"id":291,"date":"2016-09-22T22:19:31","date_gmt":"2016-09-22T20:19:31","guid":{"rendered":"https:\/\/kigo.se.vkube.cloud\/vanner\/?p=291"},"modified":"2018-03-14T17:38:44","modified_gmt":"2018-03-14T16:38:44","slug":"studieresan-2016","status":"publish","type":"post","link":"https:\/\/www.arboretum-norr.se\/vanner\/2016\/studieresan-2016\/","title":{"rendered":"Studieresan 2016"},"content":{"rendered":"<p>Dagbok dag 1. 3 september 2016<\/p>\n<p>En gr\u00e5mulen morgon i b\u00f6rjan av september stod n\u00e5gra f\u00e5 intresserade\u00a0 arboretv\u00e4nner, p\u00e5 Arlanda och v\u00e4ntade in alla deltagare till resan till Uppsala och Ekolsund.\u00a0 Vi startade mot Uppsala och f\u00f6rsta stopp blev Sveriges Lantbruksuniversitets nya visningstr\u00e4dg\u00e5rd, den s\u00e5 kallade kunskapsparken, p\u00e5 campus Ultuna.\u00a0 Vi hade ingen personlig guide, men parken var pedagogiskt genomt\u00e4nkt och f\u00f6rsedd med informationsblad, v\u00e4xtlistor, p\u00e5 varje avdelning. Parken \u00e4r indelad i olika delar som Staden och Tr\u00e4dg\u00e5rden, Rosarium, Ullbo och \u00e4ngsprovytor. Vi bes\u00f6kte inte provytorna med olika gr\u00e4s. Trots duggregnet gav designen med terrasser och samlade planteringar i upph\u00f6jda stenpartier eller b\u00e4nkar ett inbjudande intryck. Som i alla nyanlagda tr\u00e4dg\u00e5rdar var tr\u00e4den sm\u00e5 men perenner och annueller var v\u00e4l representerade.\u00a0 Alla v\u00e4xter presenterades med latinska och Svenska namn p\u00e5 l\u00f6stagbara informationsblad, ett system som ocks\u00e5 senare \u00e5terfanns i Enk\u00f6ping. V\u00e4xtlistorna i kombination med enkla kartor visade sig vara en bra v\u00e4gledning. Planteringarna p\u00e5 de olika omr\u00e5dena f\u00f6ljde inte Linn\u00e9s systematik eller n\u00e5gon annan tydlig uppdelning utan var snarare smakfullt planterade v\u00e4xter som i form och f\u00e4rger kompletterade varandra.\u00a0 D\u00e4r det fanns ex. vis en idegran (Taxus), eller en en (Juniperus), d\u00e4r fanns i regel ocks\u00e5 andra arter i samma familjer. Antalet arter av v\u00e4xter var imponerande p\u00e5 en s\u00e5 f\u00f6rh\u00e5llandevis liten yta. Man kan se kunskapstr\u00e4dg\u00e5rden p\u00e5 SLU \u00e4ven p\u00e5 n\u00e4tet. Kunskapstr\u00e4dg\u00e5rden p\u00e5 SLU i Uppsala \u00e4r v\u00e4rt ett bes\u00f6k.<\/p>\n<p>Med ing\u00e5ngar fr\u00e5n kunskapsparken ligger fd. professorsbostaden Ullbo men en tr\u00e4dg\u00e5rd som sluttar ned mot en branddamm. D\u00e4r uppenbarade sig ocks\u00e5 m\u00e5nga intressanta uppvuxna tr\u00e4d och buskar. Magnolior och Rododenderonarter, tallar, olika k\u00f6rsb\u00e4rsarter, benvedsarter och arter av enar var bara n\u00e5gra exempel fr\u00e5n den inspirerande tr\u00e4dg\u00e5rden. Vi hade nog alla olika favoriter d\u00e4r ovanf\u00f6r n\u00e4ckrosdammen. S\u00f6ren var mest imponerad av de fina Kinesiska sekoviorna (<em>Metasequioa gluyptostroboides) .<\/em><\/p>\n<p>Efter att chauff\u00f6ren k\u00f6rt hyrbilen mot med en betongb\u00e4nk fortsatte f\u00e4rden mot Uppsalas Botaniska tr\u00e4dg\u00e5rd. D\u00e4r blev vi v\u00e4l mottagna av akademitr\u00e4dg\u00e5rdsm\u00e4stare Thomas Zicha, en mycket kunnig botanisk systematiker.\u00a0 Vi guidades runt i \u201dBot\u00e1n\u201d och startade genast framf\u00f6r en \u00e4kta kastanj, f\u00f6r att sedan forts\u00e4tta och granska de tr\u00e4d som normalt st\u00e5r i krukor i orangeriet och som nu flyttats ut. Den gamla anrika tr\u00e4dg\u00e5rden har m\u00e4ngder av imponerande uppvuxna l\u00f6vtr\u00e4dsarter fr\u00e5n Skandinavien och andra delar av v\u00e4rlden. Bokar, askar, lindar, kastanjer och m\u00e5nga andra tr\u00e4d fick oss att till slut l\u00e4ngta efter en lunch, som vi ocks\u00e5 intog.<\/p>\n<p>Efter lunch var det dags f\u00f6r en biltur till Enk\u00f6ping.\u00a0 Enk\u00f6pings parker \u00e4r k\u00e4nda f\u00f6r alla blomster\u00e4lskare i hela landet. H\u00e4r finns stora parker bla Dr\u00f6mparken, sm\u00e5 gr\u00f6na oaser, fickparker, och rosparker bl.a. Pastor Sparks park.\u00a0 Vi gick i sakta mak l\u00e4ngs \u00e5promenaden som i \u00e5r hade temat \u201dToner i tr\u00e4dg\u00e5rden\u201d och det fanns verkligen m\u00e5nga granna perenner att sk\u00e5da p\u00e5 en kort vandringsstr\u00e4cka.\u00a0 Den mest ber\u00f6mda parken \u00e4r Dr\u00f6mparken designad av den k\u00e4nde Piet Oudolf. Den har s\u00e5 mycket gr\u00f6nska att granska se s\u00e5 vi stannande en l\u00e5g stund. Vi skulle kunnat \u00e4gna en hel dag bara i Enk\u00f6ping och stan \u00e4r v\u00e4rd ett bes\u00f6k vid olika \u00e5rstider, f\u00f6r de stora planteringarna g\u00e5r att se i olika dr\u00e4kter. Senare p\u00e5 eftermiddagen n\u00e4rmade vi oss fisktorget d\u00e4r restaurangerna g\u00f6mde sig bakom k\u00e4rrek, manchurisk valn\u00f6t och kaukasisk vingn\u00f6t. D\u00e4r intog vi en middag och B\u00f6rje Drakenberg ansl\u00f6t sig till gruppen.<\/p>\n<p>Efter middagen gick f\u00e4rden i h\u00f6stm\u00f6rkret till Ekolsunds slott (som f\u00f6rut var k\u00e4nt f\u00f6r sitt slott och Arboretum men nu kanske mer k\u00e4nt f\u00f6r TV-produktionen \u201dBiggest looser\u201d).<\/p>\n<p><a href=\"\/wp-content\/uploads\/sites\/2\/2014\/02\/IMG_17771.jpg\" rel=\"lightbox-0\"><img loading=\"lazy\" decoding=\"async\" class=\"alignnone wp-image-282 size-medium\" src=\"\/wp-content\/uploads\/sites\/2\/2014\/02\/IMG_17771-300x225.jpg\" alt=\"IMG_17771\" width=\"300\" height=\"225\" srcset=\"\/wp-content\/uploads\/sites\/2\/2014\/02\/IMG_17771-300x225.jpg 300w, \/wp-content\/uploads\/sites\/2\/2014\/02\/IMG_17771.jpg 1024w\" sizes=\"auto, (max-width: 300px) 100vw, 300px\" \/><\/a><a href=\"\/wp-content\/uploads\/sites\/2\/2018\/03\/3245324.jpg\" rel=\"lightbox-1\"><img loading=\"lazy\" decoding=\"async\" class=\"alignnone size-medium wp-image-415\" src=\"\/wp-content\/uploads\/sites\/2\/2018\/03\/3245324-300x225.jpg\" alt=\"\" width=\"300\" height=\"225\" srcset=\"\/wp-content\/uploads\/sites\/2\/2018\/03\/3245324-300x225.jpg 300w, \/wp-content\/uploads\/sites\/2\/2018\/03\/3245324-768x576.jpg 768w, \/wp-content\/uploads\/sites\/2\/2018\/03\/3245324.jpg 1024w\" sizes=\"auto, (max-width: 300px) 100vw, 300px\" \/><\/a><a href=\"\/wp-content\/uploads\/sites\/2\/2014\/02\/IMG_17881.jpg\" rel=\"lightbox-2\"><img loading=\"lazy\" decoding=\"async\" class=\"alignnone wp-image-287 size-medium\" src=\"\/wp-content\/uploads\/sites\/2\/2014\/02\/IMG_17881-300x225.jpg\" alt=\"IMG_17881\" width=\"300\" height=\"225\" srcset=\"\/wp-content\/uploads\/sites\/2\/2014\/02\/IMG_17881-300x225.jpg 300w, \/wp-content\/uploads\/sites\/2\/2014\/02\/IMG_17881.jpg 1024w\" sizes=\"auto, (max-width: 300px) 100vw, 300px\" \/><\/a><a href=\"\/wp-content\/uploads\/sites\/2\/2014\/02\/IMG_17791.jpg\" rel=\"lightbox-3\"><img loading=\"lazy\" decoding=\"async\" class=\"alignnone wp-image-286 size-medium\" src=\"\/wp-content\/uploads\/sites\/2\/2014\/02\/IMG_17791-300x225.jpg\" alt=\"IMG_17791\" width=\"300\" height=\"225\" srcset=\"\/wp-content\/uploads\/sites\/2\/2014\/02\/IMG_17791-300x225.jpg 300w, \/wp-content\/uploads\/sites\/2\/2014\/02\/IMG_17791.jpg 1024w\" sizes=\"auto, (max-width: 300px) 100vw, 300px\" \/><\/a><\/p>\n<p>&nbsp;<\/p>\n<p>Dag 2. 4 september 2016<\/p>\n<p>Solen tittade fram n\u00e4r vi vandrade ner fr\u00e5n g\u00e4stlogiet ner till Ekolsunds v\u00e4rdshus d\u00e4r en god frukost, tillagad av slottsherren Nils Lidbaum, v\u00e4ntade. B\u00f6rje och Nils h\u00e4lsade oss v\u00e4lkomna. Vi startade efter lunch uppe vid det ofullbordadae slottet med att f\u00e5 h\u00f6ra ber\u00e4ttelsen om Ekolsund. Det blev en kortfattad historielektion som b\u00f6rjade p\u00e5 1700- talet med Gustav den 3:e och slutade med familjen Kempe och de nya \u00e4garna Raja Ohlin och hennes son, den ovan n\u00e4mnde Nils.\u00a0 Den historiska ber\u00e4ttelsen finns att l\u00e4sa om och de planterade tr\u00e4den ber\u00e4ttar ocks\u00e5 en historia. B\u00f6rje Drakenberg kan ocks\u00e5 g\u00f6ra ber\u00e4ttelsen trevlig och vi b\u00f6rjade med att titta p\u00e5 silvergranar (<em>Abies alba<\/em>). De konkurrerade bara med kustgran (<em>Abies grandis<\/em>) i storlek. I Wikipedia st\u00e5r det att kustgranen v\u00e4xer i Danmark och i de sydligatse landskapen i Sverige och kan bli 34 meter h\u00f6g. Men d\u00e5 har nog f\u00f6rfattarna aldrig varit p\u00e5 bes\u00f6k p\u00e5 Ekolsund.\u00a0 Enligt B\u00f6rjes m\u00e4tningar s\u00e5g vi s\u00e5dana granar som var l\u00e5ngt \u00f6ver 40 meter. Under alla omst\u00e4ndigheter mycket imponerande tr\u00e4d med god f\u00f6ryngring. Ekolsunds arboretum liknar inget annat i Sverige, h\u00e4r \u00e4r tr\u00e4d planerade i olika tidsepoker, av olika personer som haft olika syften med planteringarna. Trots det s\u00e5 har B\u00f6rje lyckats gallra, plantera och v\u00e4lja ut tr\u00e4d s\u00e5 att det nu finns en fantastisk samling av tr\u00e4d och tr\u00e4darter som verkligen kan presenteras. Stora delar av Ekolsunds arboretum, ca 16 hektar, best\u00e5r idag av ganska t\u00e4t blandskog med fr\u00e4mst silvergran uppblandad med kustgran, nordmannsgran, j\u00e4ttethuja, serbgran, gran, turkgran, douglas, tall, makedonisk tall, r\u00f6dek och ek. Det finns ca. 180 arter av tr\u00e4d och buskar. Bland tr\u00e4dsl\u00e4ktena m\u00e4rks \u00e4delgranarna fr\u00e4mst med omkring 20 arter. \u00c4ven sl\u00e4ktena gran, tall, thuja, hemlock, l\u00f6nn, ek, bj\u00f6rk, k\u00f6rsb\u00e4r, poppel, r\u00f6nn, oxel och vide representeras med ca 8 arter vardera. Till dessa s\u00e4llar sig mer unika tr\u00e4d som ginkgo, tulpantr\u00e4d, kryptomeria, katsura, kinesisk sekvoia, robinia, \u00e4kta kastanj, korktr\u00e4d, valn\u00f6t, vingn\u00f6t, humlebok och j\u00e4ttelika, \u00e4kta Orn\u00e4sbj\u00f6rkar. Ja, hela dagen \u00e4gnade vi oss \u00e5t att begrunda tr\u00e4dsamlingen. Nils serverade oss grillad korv till lunch s\u00e5 vi klarade av allt i skogen och solen sken trots v\u00e4derleksrapportens varning om regn.<\/p>\n<p>P\u00e5 eftermiddagen efter en sista titt p\u00e5 en 47 meters silvergran var det dags att vandra till bilen och \u00e5ka tillbaka . Gruppen splittrades i Enk\u00f6ping och p\u00e5 Arlanda, alla \u00f6verens om att det varit en l\u00e4rorik resa.<\/p>\n<p>Vid pennan Jan-Erik H\u00e4llgren<\/p>\n<p><a href=\"\/wp-content\/uploads\/sites\/2\/2014\/02\/IMG_17951.jpg\" rel=\"lightbox-4\"><img loading=\"lazy\" decoding=\"async\" class=\"alignnone wp-image-285 size-medium\" src=\"\/wp-content\/uploads\/sites\/2\/2014\/02\/IMG_17951-300x225.jpg\" alt=\"IMG_17951\" width=\"300\" height=\"225\" srcset=\"\/wp-content\/uploads\/sites\/2\/2014\/02\/IMG_17951-300x225.jpg 300w, \/wp-content\/uploads\/sites\/2\/2014\/02\/IMG_17951.jpg 1024w\" sizes=\"auto, (max-width: 300px) 100vw, 300px\" \/><\/a>\u00a0 <a href=\"\/wp-content\/uploads\/sites\/2\/2014\/02\/IMG_17961.jpg\" rel=\"lightbox-5\"><img loading=\"lazy\" decoding=\"async\" class=\"alignnone wp-image-283 size-medium\" src=\"\/wp-content\/uploads\/sites\/2\/2014\/02\/IMG_17961-300x225.jpg\" alt=\"IMG_17961\" width=\"300\" height=\"225\" srcset=\"\/wp-content\/uploads\/sites\/2\/2014\/02\/IMG_17961-300x225.jpg 300w, \/wp-content\/uploads\/sites\/2\/2014\/02\/IMG_17961.jpg 1024w\" sizes=\"auto, (max-width: 300px) 100vw, 300px\" \/><\/a> <a href=\"\/wp-content\/uploads\/sites\/2\/2018\/03\/qweq.jpg\" rel=\"lightbox-6\"><img loading=\"lazy\" decoding=\"async\" class=\"alignnone size-medium wp-image-417\" src=\"\/wp-content\/uploads\/sites\/2\/2018\/03\/qweq-300x225.jpg\" alt=\"\" width=\"300\" height=\"225\" srcset=\"\/wp-content\/uploads\/sites\/2\/2018\/03\/qweq-300x225.jpg 300w, \/wp-content\/uploads\/sites\/2\/2018\/03\/qweq-768x576.jpg 768w, \/wp-content\/uploads\/sites\/2\/2018\/03\/qweq.jpg 1024w\" sizes=\"auto, (max-width: 300px) 100vw, 300px\" \/><\/a><a href=\"\/wp-content\/uploads\/sites\/2\/2014\/02\/IMG_18001.jpg\" rel=\"lightbox-7\"><img loading=\"lazy\" decoding=\"async\" class=\"alignnone wp-image-284 size-medium\" src=\"\/wp-content\/uploads\/sites\/2\/2014\/02\/IMG_18001-225x300.jpg\" alt=\"IMG_18001\" width=\"225\" height=\"300\" srcset=\"\/wp-content\/uploads\/sites\/2\/2014\/02\/IMG_18001-225x300.jpg 225w, \/wp-content\/uploads\/sites\/2\/2014\/02\/IMG_18001.jpg 768w\" sizes=\"auto, (max-width: 225px) 100vw, 225px\" \/><\/a><\/p>\n","protected":false},"excerpt":{"rendered":"<p>Dagbok dag 1. 3 september 2016 En gr\u00e5mulen morgon i b\u00f6rjan av september stod n\u00e5gra f\u00e5 intresserade\u00a0 arboretv\u00e4nner, p\u00e5 Arlanda och v\u00e4ntade in alla deltagare till resan till Uppsala och Ekolsund.\u00a0 Vi startade mot Uppsala <a class=\"read-more\" title=\"L\u00e4s vidare\" href=\"https:\/\/www.arboretum-norr.se\/vanner\/2016\/studieresan-2016\/\"> &#8230;<\/a><\/p>\n","protected":false},"author":797161,"featured_media":0,"comment_status":"closed","ping_status":"closed","sticky":false,"template":"","format":"standard","meta":{"footnotes":""},"categories":[1],"tags":[],"class_list":["post-291","post","type-post","status-publish","format-standard","hentry","category-nyheter"],"_links":{"self":[{"href":"https:\/\/www.arboretum-norr.se\/vanner\/wp-json\/wp\/v2\/posts\/291","targetHints":{"allow":["GET"]}}],"collection":[{"href":"https:\/\/www.arboretum-norr.se\/vanner\/wp-json\/wp\/v2\/posts"}],"about":[{"href":"https:\/\/www.arboretum-norr.se\/vanner\/wp-json\/wp\/v2\/types\/post"}],"author":[{"embeddable":true,"href":"https:\/\/www.arboretum-norr.se\/vanner\/wp-json\/wp\/v2\/users\/797161"}],"replies":[{"embeddable":true,"href":"https:\/\/www.arboretum-norr.se\/vanner\/wp-json\/wp\/v2\/comments?post=291"}],"version-history":[{"count":8,"href":"https:\/\/www.arboretum-norr.se\/vanner\/wp-json\/wp\/v2\/posts\/291\/revisions"}],"predecessor-version":[{"id":427,"href":"https:\/\/www.arboretum-norr.se\/vanner\/wp-json\/wp\/v2\/posts\/291\/revisions\/427"}],"wp:attachment":[{"href":"https:\/\/www.arboretum-norr.se\/vanner\/wp-json\/wp\/v2\/media?parent=291"}],"wp:term":[{"taxonomy":"category","embeddable":true,"href":"https:\/\/www.arboretum-norr.se\/vanner\/wp-json\/wp\/v2\/categories?post=291"},{"taxonomy":"post_tag","embeddable":true,"href":"https:\/\/www.arboretum-norr.se\/vanner\/wp-json\/wp\/v2\/tags?post=291"}],"curies":[{"name":"wp","href":"https:\/\/api.w.org\/{rel}","templated":true}]}}