{"id":304,"date":"2017-09-10T13:07:47","date_gmt":"2017-09-10T11:07:47","guid":{"rendered":"https:\/\/kigo.se.vkube.cloud\/vanner\/?p=304"},"modified":"2018-03-13T13:41:12","modified_gmt":"2018-03-13T12:41:12","slug":"studieresan-2017","status":"publish","type":"post","link":"https:\/\/www.arboretum-norr.se\/vanner\/2017\/studieresan-2017\/","title":{"rendered":"Studieresan 2017"},"content":{"rendered":"<p>En vacker septembermorgon styrde 3 bilar mot \u00d6rnsk\u00f6ldsvik och parkerade s\u00e5 sm\u00e5ningom nere vid hamnen i staden. D\u00e4r m\u00f6ttes vi upp av \u00d6rnsk\u00f6ldsvik stadstr\u00e4dg\u00e5rdsm\u00e4stare Tommy Westin som h\u00e4lsade oss v\u00e4lkomna och inledde stadspromenaden mot Badhusparken.<\/p>\n<p>D\u00e4r m\u00e4rker vandraren att \u00d6rnsk\u00f6ldsvik ligger en bit s\u00f6der om Ume\u00e5. Till och med en \u00e4kta kastanj dolde sig bland buskarna. Vildaplar, bok, ask och vinrankor fanns i den sp\u00e4nnande sluttningen nedanf\u00f6r badhuset. D\u00e4r fanns ocks\u00e5 Manchurisk ask (<em>Fraxinus mandschurica<\/em>), kaukasisk vingn\u00f6t (<em>Pterocarya fraxinifolia<\/em>) och andra vackra tr\u00e4d. Efter en kaffepaus startade vi p\u00e5 torget med \u00f6verraskningen att d\u00e4r stod tv\u00e5 vackra exemplar av Turkisk hassel (<em>Corylus corulna<\/em>) En riktig raritet i en stadspark l\u00e5ngt norrut. Parken som str\u00e4cker sig fr\u00e5n torget upp mot mus\u00e9et \u00e4r anlagd med start mer \u00e4n 100 \u00e5r sedan. De h\u00f6ga pelarasparna f\u00e5ngar snabbt uppm\u00e4rksamheten. Men parken omges av en m\u00e4ngd sp\u00e4nnande och vackra planteringar. En rad med l\u00f6nnar fr\u00e5n japan och andra l\u00e4nder, stora almar, hassel, ek och r\u00f6nn och bj\u00f6rkar var fint placerade. D\u00e4r fanns b\u00e4nkar och rabatter med perenner och annueller som utropstecken.<\/p>\n<p>En liten bit utanf\u00f6r stadsparken hade kommunen planterat barrtr\u00e4d p\u00e5 rad, mestadels olika Sibiriska \u00e4delgranar (<em>Abies sibirica<\/em>) och \u00e4ven vitgran (<em>Picea glauca<\/em>), bl\u00e5gran (<em>Picea pungens<\/em>) samt n\u00e5gra tallar. Tr\u00e4den bildar en h\u00e4ck som blir t\u00e4t och bildar ett bra skydd och l\u00e4 om tio \u00e5r. Det fanns ocks\u00e5 ett l\u00f6vr\u00e4d planterat vid v\u00e4gen m vi skulle gissa vad det var p\u00e5 l\u00e5ngt avst\u00e5nd. S\u00f6ren gissade r\u00e4tt p\u00e5 Kaukasisk vingn\u00f6t.<\/p>\n<p>Efter en kort promenad till bilarna \u00e5kte vi p\u00e5 den relativt nyasfalterade v\u00e4gen mot J\u00e4rved. \u00a0H\u00e4r anlade f\u00f6rre tr\u00e4dg\u00e5rdsm\u00e4staren i \u00d6-vik, Ove Johansson, ett litet eget \u201dJ\u00e4rveds arboretum\u201d i en l\u00e5ng stenrik sluttning fr\u00e5n v\u00e4gen ned mot Bottenviken. Han hade passat p\u00e5 att plantera en rad olika exoter. I en lista som vi fick presenterades bl.a. spektakul\u00e4ra arter som Sibiriskt korktr\u00e4d (<em>Phellodendron amurense)<\/em>, kinesisk sekvoja (<em>Metasequoia glyptostroboides<\/em>), tulpantr\u00e4d (<em>Liodendron tulipifera<\/em>), solfj\u00e4dertall (<em>Sciadopitys verticillata<\/em>), samt flera olika valn\u00f6tsarter och hasselarter. Vi parkerade i sluttningen och fick erbjudande om att starta en jakt p\u00e5 att hitta tr\u00e4den i den nu uppv\u00e4xande skogen d\u00e4r bj\u00f6rkar dominerade med 10-12 meter h\u00f6ga tr\u00e4d. \u00a0Under den korta tid som vi var d\u00e4r lyckads vi hitta bl.a. hybridkatalpa (<em>Catalpa erubescencs purpurea<\/em>), avenbok (<em>Carpinus betulus<\/em>), kryptomeria (<em>Cryptomeria japonica<\/em>), robinia eller falsk acacia (<em>Robinia pseudoacacia<\/em>), h\u00e4stkastanj (<em>Aesculus hippocastanum<\/em>)\u00a0och n\u00e5gra granar ex vis Nordmansgran (<em>Abies nordmannia<\/em>). Den sluttningen borde inventeras!<\/p>\n<p>Efter vandringen i det fina solskenet tackade vi av Tommy med ett tr\u00e4d som han fick frakta hem i sin \u00f6ppna sportbil medan vi s\u00f6kte upp en restaurang f\u00f6r en sen lunch. Dagen i \u00d6-vik kunde summeras och de nio deltagarna var n\u00f6jda med vad de sett och med en bra guidning i fint h\u00f6stv\u00e4der.<\/p>\n<p><a href=\"\/wp-content\/uploads\/sites\/2\/2017\/09\/IMG_28811.jpg\" rel=\"lightbox-0\"><img loading=\"lazy\" decoding=\"async\" class=\"alignnone wp-image-305 size-medium\" src=\"\/wp-content\/uploads\/sites\/2\/2017\/09\/IMG_28811-225x300.jpg\" alt=\"IMG_28811\" width=\"225\" height=\"300\" srcset=\"\/wp-content\/uploads\/sites\/2\/2017\/09\/IMG_28811-225x300.jpg 225w, \/wp-content\/uploads\/sites\/2\/2017\/09\/IMG_28811.jpg 768w\" sizes=\"auto, (max-width: 225px) 100vw, 225px\" \/><\/a> <a href=\"\/wp-content\/uploads\/sites\/2\/2017\/09\/IMG_28821.jpg\" rel=\"lightbox-1\"><img loading=\"lazy\" decoding=\"async\" class=\"alignnone wp-image-306 size-medium\" src=\"\/wp-content\/uploads\/sites\/2\/2017\/09\/IMG_28821-225x300.jpg\" alt=\"IMG_28821\" width=\"225\" height=\"300\" srcset=\"\/wp-content\/uploads\/sites\/2\/2017\/09\/IMG_28821-225x300.jpg 225w, \/wp-content\/uploads\/sites\/2\/2017\/09\/IMG_28821.jpg 768w\" sizes=\"auto, (max-width: 225px) 100vw, 225px\" \/><\/a> <a href=\"\/wp-content\/uploads\/sites\/2\/2017\/09\/IMG_28831.jpg\" rel=\"lightbox-2\"><img loading=\"lazy\" decoding=\"async\" class=\"alignnone wp-image-307 size-medium\" src=\"\/wp-content\/uploads\/sites\/2\/2017\/09\/IMG_28831-225x300.jpg\" alt=\"IMG_28831\" width=\"225\" height=\"300\" srcset=\"\/wp-content\/uploads\/sites\/2\/2017\/09\/IMG_28831-225x300.jpg 225w, \/wp-content\/uploads\/sites\/2\/2017\/09\/IMG_28831.jpg 768w\" sizes=\"auto, (max-width: 225px) 100vw, 225px\" \/><\/a> <a href=\"\/wp-content\/uploads\/sites\/2\/2017\/09\/IMG_28851.jpg\" rel=\"lightbox-3\"><img loading=\"lazy\" decoding=\"async\" class=\"alignnone wp-image-308 size-medium\" src=\"\/wp-content\/uploads\/sites\/2\/2017\/09\/IMG_28851-300x225.jpg\" alt=\"IMG_28851\" width=\"300\" height=\"225\" srcset=\"\/wp-content\/uploads\/sites\/2\/2017\/09\/IMG_28851-300x225.jpg 300w, \/wp-content\/uploads\/sites\/2\/2017\/09\/IMG_28851.jpg 1024w\" sizes=\"auto, (max-width: 300px) 100vw, 300px\" \/><\/a><\/p>\n","protected":false},"excerpt":{"rendered":"<p>En vacker septembermorgon styrde 3 bilar mot \u00d6rnsk\u00f6ldsvik och parkerade s\u00e5 sm\u00e5ningom nere vid hamnen i staden. D\u00e4r m\u00f6ttes vi upp av \u00d6rnsk\u00f6ldsvik stadstr\u00e4dg\u00e5rdsm\u00e4stare Tommy Westin som h\u00e4lsade oss v\u00e4lkomna och inledde stadspromenaden mot Badhusparken. <a class=\"read-more\" title=\"L\u00e4s vidare\" href=\"https:\/\/www.arboretum-norr.se\/vanner\/2017\/studieresan-2017\/\"> &#8230;<\/a><\/p>\n","protected":false},"author":797161,"featured_media":0,"comment_status":"closed","ping_status":"closed","sticky":false,"template":"","format":"standard","meta":{"footnotes":""},"categories":[1],"tags":[],"class_list":["post-304","post","type-post","status-publish","format-standard","hentry","category-nyheter"],"_links":{"self":[{"href":"https:\/\/www.arboretum-norr.se\/vanner\/wp-json\/wp\/v2\/posts\/304","targetHints":{"allow":["GET"]}}],"collection":[{"href":"https:\/\/www.arboretum-norr.se\/vanner\/wp-json\/wp\/v2\/posts"}],"about":[{"href":"https:\/\/www.arboretum-norr.se\/vanner\/wp-json\/wp\/v2\/types\/post"}],"author":[{"embeddable":true,"href":"https:\/\/www.arboretum-norr.se\/vanner\/wp-json\/wp\/v2\/users\/797161"}],"replies":[{"embeddable":true,"href":"https:\/\/www.arboretum-norr.se\/vanner\/wp-json\/wp\/v2\/comments?post=304"}],"version-history":[{"count":3,"href":"https:\/\/www.arboretum-norr.se\/vanner\/wp-json\/wp\/v2\/posts\/304\/revisions"}],"predecessor-version":[{"id":382,"href":"https:\/\/www.arboretum-norr.se\/vanner\/wp-json\/wp\/v2\/posts\/304\/revisions\/382"}],"wp:attachment":[{"href":"https:\/\/www.arboretum-norr.se\/vanner\/wp-json\/wp\/v2\/media?parent=304"}],"wp:term":[{"taxonomy":"category","embeddable":true,"href":"https:\/\/www.arboretum-norr.se\/vanner\/wp-json\/wp\/v2\/categories?post=304"},{"taxonomy":"post_tag","embeddable":true,"href":"https:\/\/www.arboretum-norr.se\/vanner\/wp-json\/wp\/v2\/tags?post=304"}],"curies":[{"name":"wp","href":"https:\/\/api.w.org\/{rel}","templated":true}]}}