{"id":4,"date":"2013-05-27T16:26:18","date_gmt":"2013-05-27T14:26:18","guid":{"rendered":"http:\/\/hkartor.se\/~vax\/arboretumnorrsvanner\/?p=4"},"modified":"2014-03-03T19:26:03","modified_gmt":"2014-03-03T18:26:03","slug":"bilder-fran-maj","status":"publish","type":"post","link":"https:\/\/www.arboretum-norr.se\/vanner\/2013\/bilder-fran-maj\/","title":{"rendered":"Bilder fr\u00e5n 2013"},"content":{"rendered":"<p>Under maj m\u00e5nad har vi jobbat h\u00e5rt med att iordningsst\u00e4lla arboretet. H\u00e4r kan ni ta del av resultatet i bildform!<\/p>\n\n\t\t<style type=\"text\/css\">\n\t\t\t#gallery-1 {\n\t\t\t\tmargin: auto;\n\t\t\t}\n\t\t\t#gallery-1 .gallery-item {\n\t\t\t\tfloat: left;\n\t\t\t\tmargin-top: 10px;\n\t\t\t\ttext-align: center;\n\t\t\t\twidth: 25%;\n\t\t\t}\n\t\t\t#gallery-1 img {\n\t\t\t\tborder: 2px solid #cfcfcf;\n\t\t\t}\n\t\t\t#gallery-1 .gallery-caption {\n\t\t\t\tmargin-left: 0;\n\t\t\t}\n\t\t\t\/* see gallery_shortcode() in wp-includes\/media.php *\/\n\t\t<\/style>\n\t\t<div id='gallery-1' class='gallery galleryid-4 gallery-columns-4 gallery-size-thumbnail'><dl class='gallery-item'>\n\t\t\t<dt class='gallery-icon landscape'>\n\t\t\t\t<a href='\/wp-content\/uploads\/sites\/2\/2013\/05\/074.jpg' rel=\"lightbox[gallery-0]\"><img loading=\"lazy\" decoding=\"async\" width=\"150\" height=\"150\" src=\"\/wp-content\/uploads\/sites\/2\/2013\/05\/074-150x150.jpg\" class=\"attachment-thumbnail size-thumbnail\" alt=\"\" \/><\/a>\n\t\t\t<\/dt><\/dl><dl class='gallery-item'>\n\t\t\t<dt class='gallery-icon landscape'>\n\t\t\t\t<a href='\/wp-content\/uploads\/sites\/2\/2013\/05\/0011.jpg' rel=\"lightbox[gallery-0]\"><img loading=\"lazy\" decoding=\"async\" width=\"150\" height=\"150\" src=\"\/wp-content\/uploads\/sites\/2\/2013\/05\/0011-150x150.jpg\" class=\"attachment-thumbnail size-thumbnail\" alt=\"\" \/><\/a>\n\t\t\t<\/dt><\/dl><dl class='gallery-item'>\n\t\t\t<dt class='gallery-icon landscape'>\n\t\t\t\t<a href='\/wp-content\/uploads\/sites\/2\/2013\/05\/012med-text.jpg' rel=\"lightbox[gallery-0]\"><img loading=\"lazy\" decoding=\"async\" width=\"150\" height=\"150\" src=\"\/wp-content\/uploads\/sites\/2\/2013\/05\/012med-text-150x150.jpg\" class=\"attachment-thumbnail size-thumbnail\" alt=\"\" \/><\/a>\n\t\t\t<\/dt><\/dl><dl class='gallery-item'>\n\t\t\t<dt class='gallery-icon landscape'>\n\t\t\t\t<a href='\/wp-content\/uploads\/sites\/2\/2013\/05\/012bearbetad-detalj-med-text.jpg' rel=\"lightbox[gallery-0]\"><img loading=\"lazy\" decoding=\"async\" width=\"150\" height=\"150\" src=\"\/wp-content\/uploads\/sites\/2\/2013\/05\/012bearbetad-detalj-med-text-150x150.jpg\" class=\"attachment-thumbnail size-thumbnail\" alt=\"\" \/><\/a>\n\t\t\t<\/dt><\/dl><br style=\"clear: both\" \/><dl class='gallery-item'>\n\t\t\t<dt class='gallery-icon landscape'>\n\t\t\t\t<a href='\/wp-content\/uploads\/sites\/2\/2013\/05\/forsen.jpg' rel=\"lightbox[gallery-0]\"><img loading=\"lazy\" decoding=\"async\" width=\"150\" height=\"150\" src=\"\/wp-content\/uploads\/sites\/2\/2013\/05\/forsen-150x150.jpg\" class=\"attachment-thumbnail size-thumbnail\" alt=\"\" \/><\/a>\n\t\t\t<\/dt><\/dl><dl class='gallery-item'>\n\t\t\t<dt class='gallery-icon landscape'>\n\t\t\t\t<a href='\/wp-content\/uploads\/sites\/2\/2013\/05\/011.jpg' rel=\"lightbox[gallery-0]\"><img loading=\"lazy\" decoding=\"async\" width=\"150\" height=\"150\" src=\"\/wp-content\/uploads\/sites\/2\/2013\/05\/011-150x150.jpg\" class=\"attachment-thumbnail size-thumbnail\" alt=\"\" \/><\/a>\n\t\t\t<\/dt><\/dl><dl class='gallery-item'>\n\t\t\t<dt class='gallery-icon landscape'>\n\t\t\t\t<a href='\/wp-content\/uploads\/sites\/2\/2013\/05\/arboretet_vagen.jpg' rel=\"lightbox[gallery-0]\"><img loading=\"lazy\" decoding=\"async\" width=\"150\" height=\"150\" src=\"\/wp-content\/uploads\/sites\/2\/2013\/05\/arboretet_vagen-150x150.jpg\" class=\"attachment-thumbnail size-thumbnail\" alt=\"\" \/><\/a>\n\t\t\t<\/dt><\/dl><dl class='gallery-item'>\n\t\t\t<dt class='gallery-icon landscape'>\n\t\t\t\t<a href='\/wp-content\/uploads\/sites\/2\/2014\/02\/strutbrakendalen.jpg' rel=\"lightbox[gallery-0]\"><img loading=\"lazy\" decoding=\"async\" width=\"150\" height=\"150\" src=\"\/wp-content\/uploads\/sites\/2\/2014\/02\/strutbrakendalen-150x150.jpg\" class=\"attachment-thumbnail size-thumbnail\" alt=\"\" \/><\/a>\n\t\t\t<\/dt><\/dl><br style=\"clear: both\" \/>\n\t\t<\/div>\n\n","protected":false},"excerpt":{"rendered":"<p>Under maj m\u00e5nad har vi jobbat h\u00e5rt med att iordningsst\u00e4lla arboretet. H\u00e4r kan ni ta del av resultatet i bildform! <a class=\"read-more\" title=\"L\u00e4s vidare\" href=\"https:\/\/www.arboretum-norr.se\/vanner\/2013\/bilder-fran-maj\/\"> &#8230;<\/a><\/p>\n","protected":false},"author":797161,"featured_media":0,"comment_status":"open","ping_status":"open","sticky":false,"template":"","format":"standard","meta":{"footnotes":""},"categories":[1],"tags":[],"class_list":["post-4","post","type-post","status-publish","format-standard","hentry","category-nyheter"],"_links":{"self":[{"href":"https:\/\/www.arboretum-norr.se\/vanner\/wp-json\/wp\/v2\/posts\/4","targetHints":{"allow":["GET"]}}],"collection":[{"href":"https:\/\/www.arboretum-norr.se\/vanner\/wp-json\/wp\/v2\/posts"}],"about":[{"href":"https:\/\/www.arboretum-norr.se\/vanner\/wp-json\/wp\/v2\/types\/post"}],"author":[{"embeddable":true,"href":"https:\/\/www.arboretum-norr.se\/vanner\/wp-json\/wp\/v2\/users\/797161"}],"replies":[{"embeddable":true,"href":"https:\/\/www.arboretum-norr.se\/vanner\/wp-json\/wp\/v2\/comments?post=4"}],"version-history":[{"count":16,"href":"https:\/\/www.arboretum-norr.se\/vanner\/wp-json\/wp\/v2\/posts\/4\/revisions"}],"predecessor-version":[{"id":228,"href":"https:\/\/www.arboretum-norr.se\/vanner\/wp-json\/wp\/v2\/posts\/4\/revisions\/228"}],"wp:attachment":[{"href":"https:\/\/www.arboretum-norr.se\/vanner\/wp-json\/wp\/v2\/media?parent=4"}],"wp:term":[{"taxonomy":"category","embeddable":true,"href":"https:\/\/www.arboretum-norr.se\/vanner\/wp-json\/wp\/v2\/categories?post=4"},{"taxonomy":"post_tag","embeddable":true,"href":"https:\/\/www.arboretum-norr.se\/vanner\/wp-json\/wp\/v2\/tags?post=4"}],"curies":[{"name":"wp","href":"https:\/\/api.w.org\/{rel}","templated":true}]}}