{"id":483,"date":"2019-01-17T12:10:42","date_gmt":"2019-01-17T11:10:42","guid":{"rendered":"https:\/\/kigo.se.vkube.cloud\/vanner\/?p=483"},"modified":"2019-03-04T09:51:47","modified_gmt":"2019-03-04T08:51:47","slug":"studieresa-2019-england","status":"publish","type":"post","link":"https:\/\/www.arboretum-norr.se\/vanner\/2019\/studieresa-2019-england\/","title":{"rendered":"Studieresa 2019 England"},"content":{"rendered":"<p>Resplan f\u00f6r gemensam Studieresa f\u00f6r Arboretum Norrs V\u00e4nner(ANV)<br \/>\noch F\u00f6reningen f\u00f6r Dendrologi och Parkv\u00e5rd till England<br \/>\n15-18 maj 2019.<\/p>\n<p>Deltagare:<br \/>\nBokar och st\u00e5r ekonomiskt f\u00f6r sin egen resa till och fr\u00e5n London(hotell samt resor inom London) samt \u00e4ven boende p\u00e5 samma s\u00e4tt.  Samtliga \u00f6vernattningar sker i London vilket f\u00f6renklar och f\u00f6rbilligar boende.<br \/>\nCa max 9-10 deltagare fr\u00e5n ANV.<br \/>\nDeltagare b\u00f6r inom en vecka efter \u00e5rsm\u00f6tet tacka ja till deltagande vilket \u00e4r n\u00f6dv\u00e4ndigt f\u00f6r detaljplanerandet av studieresan.<\/p>\n<p>Deltagaravgift till och och sponsring fr\u00e5n ANV: Informeras om\/diskuteras i samband med \u00e5rsm\u00f6te eller via mail till deltagare som anm\u00e4lt prelimin\u00e4rt intresse.<br \/>\nDeltagaravgift till ANV 900 kr\/ deltagare vilket utg\u00f6r ett bidrag till kostnader f\u00f6r bussresa, intr\u00e4den, gemensam middag, eventuella guidekostnader  p\u00e5 plats mm. ANV ber\u00e4knas ocks\u00e5 i dessa utgifter sponsra med ca 1000 kr \/ deltagare.<\/p>\n<p>F\u00f6rberedelser inf\u00f6r studieresa:<br \/>\nS\u00f6ren K\u00e4llgren och Per J\u00f6nsson fr\u00e5n F\u00f6reningen fr\u00e5n Dendrologi och Parkv\u00e5rd reser i mitten p\u00e5 mars till London mm f\u00f6r att rekognosera bes\u00f6ksm\u00e5l samt planera tids\u00e5tg\u00e5ng mm. Samt \u00e4ven en del praktiska omst\u00e4ndigheter f\u00f6rst\u00e5s. Efter denna f\u00f6rberedelseresa best\u00e4ms samlingsplatser, mer exakta tidsangivelser och fakta runt bes\u00f6ksm\u00e5l mm.<\/p>\n<p>Prelimin\u00e4rt reseprogram:<\/p>\n<p>Onsdag 15 Maj: Deltagarna samlas p\u00e5 senare angiven plats(ex Albert memorial-monumentet) vid 13-14 \u2013tiden vid Kensington Gardens som \u00e4r en del av Hyde Park. Vi str\u00f6var runt i parken och tittar p\u00e5 de tr\u00e4darter vi finner .<br \/>\nS\u00f6ren K\u00e4llgren guidar efter f\u00f6rm\u00e5ga.<br \/>\nVi ber\u00e4knas exkurera ca 2-2,5 tim som en slags introduktion till resan.<br \/>\nhttps:\/\/www.royalparks.org.uk\/parks\/kensington-gardens<\/p>\n<p>Torsdag 16 Maj: Heldagexkursion utanf\u00f6r London till tv\u00e5 bes\u00f6ksm\u00e5l.<br \/>\nAvresa med gemensam hyrd buss vid ca 08.00-tiden. Samlingsplats anges senare.<br \/>\nVi reser till Royal Horticultural Societys Garden i Wisley , Woking som blir v\u00e5rt f\u00f6rsta bes\u00f6ksm\u00e5l d\u00e4r vi tillbringar halva dagen. Vi l\u00e4r bara hinna med en del av den 97 ha stora tr\u00e4dg\u00e5rden.<br \/>\nhttps:\/\/www.rhs.org.uk\/gardens\/wisley<\/p>\n<p>Andra halvan av dagen planeras bes\u00f6k vid Wakehurst Place  som f\u00f6rvaltas av Kew Gardens dit vi reser med den hyrda bussen. Wakehurst \u00e4r 240 ha stort till ytan.<br \/>\nhttps:\/\/www.kew.org\/wakehurst<\/p>\n<p>Totalt sett tar bussresorna under dagen drygt 3 tim  varvid vi ber\u00e4knas \u00e5ter till London ca 17.30-18.00. Buss f\u00f6r hela dagen \u00e4r redan best\u00e4lld fr\u00e5n Clarkes Coaches i London.<br \/>\nS\u00f6ren K\u00e4llgren guidar efter f\u00f6rm\u00e5ga under dagen. Eventuellt kortare pass \u00e4ven n\u00e5gon inhyrd guide p\u00e5 bes\u00f6ksm\u00e5l.<\/p>\n<p>Fredag 16 maj:<br \/>\nDagens tillbringas i sin helhet p\u00e5 Kew Gardens dit vi tar oss med tunnelbana och g\u00e5r de sista 300 meterna fr\u00e5n Kew Station till Kew.<br \/>\nKew \u00e4r en av de fr\u00e4msta arboretp\u00e4rlorna i v\u00e4rlden och har och har haft stor betydelse f\u00f6r globalt utnyttande av ex nyttov\u00e4xter men \u00e4ven f\u00f6r diversitetsforskning. Lunch p\u00e5 Kew p\u00e5 n\u00e5gon av restaurangerna.<br \/>\nH\u00e4r finns ocks\u00e5 en fin souvenirshop med m\u00e4ngder av m\u00f6jliga presenter som producerats  med v\u00e4xter som bas.<br \/>\nEventuell introduktion eller guidepass av inhyrd guide i \u00f6vrigt guidar S\u00f6ren K\u00e4llgren.<br \/>\nhttps:\/\/www.kew.org\/<\/p>\n<p>L\u00f6rdag 17 maj:<br \/>\nBes\u00f6ksm\u00e5l blir en park inom \u201dstor-London\u201d dit vi kan ta oss med allm\u00e4nna transporter som tunnelbana eller buss exempelvis.<br \/>\nBes\u00f6ksm\u00e5l v\u00e4ljs s\u00e5 att det kan vara intressant f\u00f6r deltagarna efter rekresa enligt ovan.<\/p>\n<p>Allm\u00e4nt:<br \/>\nKort informationsmaterial med fakta kring bes\u00f6ksm\u00e5len utarbetas av S\u00f6ren K\u00e4llgren och delges deltagare innan avresa.<br \/>\nI denna ing\u00e5r ocks\u00e5 en reseinformation, eventuella praktiska tips mm.<br \/>\nDeltagarna transporterar sig sj\u00e4lva med allm\u00e4nna kommunikationsmedel varje dag till angiven samlingsplats p\u00e5 viss tid.<br \/>\nEfter exkursionerna \u00e4r alla naturligtvis fria att g\u00f6ra vad man vill men n\u00e5gon gemensam middag \u00e4r inplanerad.<\/p>\n<p>Med v\u00e4nlig h\u00e4lsning\u2026.\/\/S\u00f6ren K\u00e4llgren<\/p>\n","protected":false},"excerpt":{"rendered":"<p>Resplan f\u00f6r gemensam Studieresa f\u00f6r Arboretum Norrs V\u00e4nner(ANV) och F\u00f6reningen f\u00f6r Dendrologi och Parkv\u00e5rd till England 15-18 maj 2019. Deltagare: Bokar och st\u00e5r ekonomiskt f\u00f6r sin egen resa till och fr\u00e5n London(hotell samt resor inom <a class=\"read-more\" title=\"L\u00e4s vidare\" href=\"https:\/\/www.arboretum-norr.se\/vanner\/2019\/studieresa-2019-england\/\"> &#8230;<\/a><\/p>\n","protected":false},"author":797161,"featured_media":0,"comment_status":"closed","ping_status":"closed","sticky":false,"template":"","format":"standard","meta":{"footnotes":""},"categories":[1],"tags":[],"class_list":["post-483","post","type-post","status-publish","format-standard","hentry","category-nyheter"],"_links":{"self":[{"href":"https:\/\/www.arboretum-norr.se\/vanner\/wp-json\/wp\/v2\/posts\/483","targetHints":{"allow":["GET"]}}],"collection":[{"href":"https:\/\/www.arboretum-norr.se\/vanner\/wp-json\/wp\/v2\/posts"}],"about":[{"href":"https:\/\/www.arboretum-norr.se\/vanner\/wp-json\/wp\/v2\/types\/post"}],"author":[{"embeddable":true,"href":"https:\/\/www.arboretum-norr.se\/vanner\/wp-json\/wp\/v2\/users\/797161"}],"replies":[{"embeddable":true,"href":"https:\/\/www.arboretum-norr.se\/vanner\/wp-json\/wp\/v2\/comments?post=483"}],"version-history":[{"count":2,"href":"https:\/\/www.arboretum-norr.se\/vanner\/wp-json\/wp\/v2\/posts\/483\/revisions"}],"predecessor-version":[{"id":496,"href":"https:\/\/www.arboretum-norr.se\/vanner\/wp-json\/wp\/v2\/posts\/483\/revisions\/496"}],"wp:attachment":[{"href":"https:\/\/www.arboretum-norr.se\/vanner\/wp-json\/wp\/v2\/media?parent=483"}],"wp:term":[{"taxonomy":"category","embeddable":true,"href":"https:\/\/www.arboretum-norr.se\/vanner\/wp-json\/wp\/v2\/categories?post=483"},{"taxonomy":"post_tag","embeddable":true,"href":"https:\/\/www.arboretum-norr.se\/vanner\/wp-json\/wp\/v2\/tags?post=483"}],"curies":[{"name":"wp","href":"https:\/\/api.w.org\/{rel}","templated":true}]}}