{"id":579,"date":"2019-11-04T11:27:36","date_gmt":"2019-11-04T10:27:36","guid":{"rendered":"https:\/\/www.arboretum-norr.se\/vanner\/?p=579"},"modified":"2019-12-10T11:30:25","modified_gmt":"2019-12-10T10:30:25","slug":"bildvisning-fran-studiresor-till-england-och-serbien","status":"publish","type":"post","link":"https:\/\/www.arboretum-norr.se\/vanner\/2019\/bildvisning-fran-studiresor-till-england-och-serbien\/","title":{"rendered":"Bildvisning fr\u00e5n studieresor till England och Serbien"},"content":{"rendered":"\n<p>V\u00e4lkommen till Bildvisning torsdag den 7e november.<\/p>\n\n\n\n<p>S\u00f6ren K\u00e4llgren (Ordf\u00f6rande i ANV) och Lars Dahlberg (Arboretum Norr) visar bilder och ber\u00e4ttar om resan till England vi gjorde i samarbete med F\u00f6reningen f\u00f6r dendrologi och parkv\u00e5rd i v\u00e5ras.<\/p>\n\n\n\n<p>Johnny Schimmel (F\u00f6rest\u00e5ndare: Arboretum Norr) visar bilder och ber\u00e4ttar om sin resa till Serbien med F\u00f6reningen f\u00f6r dendrologi och parkv\u00e5rd.<\/p>\n\n\n\n<p>Plats: Folkets Hus<\/p>\n\n\n\n<p>Tid: 19:00<\/p>\n","protected":false},"excerpt":{"rendered":"<p>V\u00e4lkommen till Bildvisning torsdag den 7e november. S\u00f6ren K\u00e4llgren (Ordf\u00f6rande i ANV) och Lars Dahlberg (Arboretum Norr) visar bilder och ber\u00e4ttar om resan till England vi gjorde i samarbete med F\u00f6reningen f\u00f6r dendrologi och parkv\u00e5rd <a class=\"read-more\" title=\"L\u00e4s vidare\" href=\"https:\/\/www.arboretum-norr.se\/vanner\/2019\/bildvisning-fran-studiresor-till-england-och-serbien\/\"> &#8230;<\/a><\/p>\n","protected":false},"author":797161,"featured_media":0,"comment_status":"closed","ping_status":"closed","sticky":false,"template":"","format":"standard","meta":{"footnotes":""},"categories":[1],"tags":[],"class_list":["post-579","post","type-post","status-publish","format-standard","hentry","category-nyheter"],"_links":{"self":[{"href":"https:\/\/www.arboretum-norr.se\/vanner\/wp-json\/wp\/v2\/posts\/579","targetHints":{"allow":["GET"]}}],"collection":[{"href":"https:\/\/www.arboretum-norr.se\/vanner\/wp-json\/wp\/v2\/posts"}],"about":[{"href":"https:\/\/www.arboretum-norr.se\/vanner\/wp-json\/wp\/v2\/types\/post"}],"author":[{"embeddable":true,"href":"https:\/\/www.arboretum-norr.se\/vanner\/wp-json\/wp\/v2\/users\/797161"}],"replies":[{"embeddable":true,"href":"https:\/\/www.arboretum-norr.se\/vanner\/wp-json\/wp\/v2\/comments?post=579"}],"version-history":[{"count":2,"href":"https:\/\/www.arboretum-norr.se\/vanner\/wp-json\/wp\/v2\/posts\/579\/revisions"}],"predecessor-version":[{"id":582,"href":"https:\/\/www.arboretum-norr.se\/vanner\/wp-json\/wp\/v2\/posts\/579\/revisions\/582"}],"wp:attachment":[{"href":"https:\/\/www.arboretum-norr.se\/vanner\/wp-json\/wp\/v2\/media?parent=579"}],"wp:term":[{"taxonomy":"category","embeddable":true,"href":"https:\/\/www.arboretum-norr.se\/vanner\/wp-json\/wp\/v2\/categories?post=579"},{"taxonomy":"post_tag","embeddable":true,"href":"https:\/\/www.arboretum-norr.se\/vanner\/wp-json\/wp\/v2\/tags?post=579"}],"curies":[{"name":"wp","href":"https:\/\/api.w.org\/{rel}","templated":true}]}}