{"id":583,"date":"2019-09-18T11:32:06","date_gmt":"2019-09-18T09:32:06","guid":{"rendered":"https:\/\/www.arboretum-norr.se\/vanner\/?p=583"},"modified":"2020-09-25T10:33:18","modified_gmt":"2020-09-25T08:33:18","slug":"hostens-arbetsdag-i-arboretet-i-baggbole","status":"publish","type":"post","link":"https:\/\/www.arboretum-norr.se\/vanner\/2019\/hostens-arbetsdag-i-arboretet-i-baggbole\/","title":{"rendered":"H\u00f6stens Arbetsdag i arboretet i Baggb\u00f6le"},"content":{"rendered":"\n<p> L\u00f6rdagen den 3 oktober har v\u00e4nf\u00f6reningen i samarbete Stiftelsen Arboretum Norr arbetsdag i arboretet i Baggb\u00f6le.\u00a0V\u00e4lkommen att g\u00f6ra en arbetsinsats f\u00f6r att g\u00f6ra arboretet i Baggb\u00f6le \u00e4nnu vackrare. Vi planterar, krattar, st\u00e4dar, pysslar och umg\u00e5s med varandra.\u00a0Arbetsdagen b\u00f6rjar kl 10.00 och p\u00e5g\u00e5r till 13.00.\u00a0V\u00e4nf\u00f6rening bjuder p\u00e5 fika. Anm\u00e4lan beh\u00f6vs inte men kan underl\u00e4tta fikaplaneringen, det g\u00f6r man p\u00e5 arboretum.norr@slu.se. Alla (\u00e4ven hundar och barn) \u00e4r v\u00e4lkomna! <\/p>\n","protected":false},"excerpt":{"rendered":"<p>L\u00f6rdagen den 3 oktober har v\u00e4nf\u00f6reningen i samarbete Stiftelsen Arboretum Norr arbetsdag i arboretet i Baggb\u00f6le.\u00a0V\u00e4lkommen att g\u00f6ra en arbetsinsats f\u00f6r att g\u00f6ra arboretet i Baggb\u00f6le \u00e4nnu vackrare. Vi planterar, krattar, st\u00e4dar, pysslar och umg\u00e5s <a class=\"read-more\" title=\"L\u00e4s vidare\" href=\"https:\/\/www.arboretum-norr.se\/vanner\/2019\/hostens-arbetsdag-i-arboretet-i-baggbole\/\"> &#8230;<\/a><\/p>\n","protected":false},"author":797161,"featured_media":0,"comment_status":"closed","ping_status":"closed","sticky":false,"template":"","format":"standard","meta":{"footnotes":""},"categories":[1],"tags":[],"class_list":["post-583","post","type-post","status-publish","format-standard","hentry","category-nyheter"],"_links":{"self":[{"href":"https:\/\/www.arboretum-norr.se\/vanner\/wp-json\/wp\/v2\/posts\/583","targetHints":{"allow":["GET"]}}],"collection":[{"href":"https:\/\/www.arboretum-norr.se\/vanner\/wp-json\/wp\/v2\/posts"}],"about":[{"href":"https:\/\/www.arboretum-norr.se\/vanner\/wp-json\/wp\/v2\/types\/post"}],"author":[{"embeddable":true,"href":"https:\/\/www.arboretum-norr.se\/vanner\/wp-json\/wp\/v2\/users\/797161"}],"replies":[{"embeddable":true,"href":"https:\/\/www.arboretum-norr.se\/vanner\/wp-json\/wp\/v2\/comments?post=583"}],"version-history":[{"count":3,"href":"https:\/\/www.arboretum-norr.se\/vanner\/wp-json\/wp\/v2\/posts\/583\/revisions"}],"predecessor-version":[{"id":646,"href":"https:\/\/www.arboretum-norr.se\/vanner\/wp-json\/wp\/v2\/posts\/583\/revisions\/646"}],"wp:attachment":[{"href":"https:\/\/www.arboretum-norr.se\/vanner\/wp-json\/wp\/v2\/media?parent=583"}],"wp:term":[{"taxonomy":"category","embeddable":true,"href":"https:\/\/www.arboretum-norr.se\/vanner\/wp-json\/wp\/v2\/categories?post=583"},{"taxonomy":"post_tag","embeddable":true,"href":"https:\/\/www.arboretum-norr.se\/vanner\/wp-json\/wp\/v2\/tags?post=583"}],"curies":[{"name":"wp","href":"https:\/\/api.w.org\/{rel}","templated":true}]}}