{"id":588,"date":"2019-08-28T11:34:35","date_gmt":"2019-08-28T09:34:35","guid":{"rendered":"https:\/\/www.arboretum-norr.se\/vanner\/?p=588"},"modified":"2019-12-10T11:34:47","modified_gmt":"2019-12-10T10:34:47","slug":"lokala-naturvardens-dag-i-arboretum-norr","status":"publish","type":"post","link":"https:\/\/www.arboretum-norr.se\/vanner\/2019\/lokala-naturvardens-dag-i-arboretum-norr\/","title":{"rendered":"Lokala Naturv\u00e5rdens Dag i Arboretum Norr"},"content":{"rendered":"\n<p><strong><em>En vandring i arboretet i Baggb\u00f6le d\u00e4r vi diskuterar<br>den biologiska m\u00e5ngfalden<\/em><\/strong><\/p>\n\n\n\n<p>Guidning i Arboretet med fokus p\u00e5 biologisk m\u00e5ngfald och dess betydelse. Stiftelsen Arboretum Norr har erh\u00e5llit st\u00f6d fr\u00e5n Natur\u00adv\u00e5rds\u00adverket i form av ett LONA bidrag (Lokal Naturv\u00e5rdsinsats). I samband med Naturv\u00e5rdsverket satsning; Lokala naturv\u00e5rdens dag vill vi d\u00e4rf\u00f6r visa upp hur vi jobbar med naturv\u00e5rd och detta projekt.<\/p>\n\n\n\n<p>Arboretets f\u00f6rest\u00e5ndare Johnny Schimmel, som ocks\u00e5 \u00e4r ekolog och h\u00e4ngiven naturv\u00e5rdare, visar och ber\u00e4ttar hur vi i v\u00e5rt huvud\u00adarboretum i Baggb\u00f6le arbetar f\u00f6r att bevara och helst ocks\u00e5 \u00f6ka den biologiska m\u00e5ngfalden.<\/p>\n\n\n\n<p>Att skapa en naturskog i ett rekreationsomr\u00e5de som tar mot tiotusentals bes\u00f6kare \u00e5rligen \u00e4r en utmaning, och hur vi tacklar det problemet \u00e4r grunden f\u00f6r v\u00e5r diskussion. F\u00f6rhoppningsvis kan vi under v\u00e5r vandring ocks\u00e5 f\u00e5 se v\u00e5ra arborister i arbete med att skapa h\u00f6gstubbar och d\u00f6d ved.<\/p>\n\n\n\n<p>1-2 timmars vandring i Arboretet i Baggb\u00f6le med<br><strong>start fr\u00e5n herrg\u00e5rden kl 14.00.&nbsp;&nbsp; V\u00c4LKOMNA!<\/strong><\/p>\n","protected":false},"excerpt":{"rendered":"<p>En vandring i arboretet i Baggb\u00f6le d\u00e4r vi diskuterarden biologiska m\u00e5ngfalden Guidning i Arboretet med fokus p\u00e5 biologisk m\u00e5ngfald och dess betydelse. Stiftelsen Arboretum Norr har erh\u00e5llit st\u00f6d fr\u00e5n Natur\u00adv\u00e5rds\u00adverket i form av ett LONA <a class=\"read-more\" title=\"L\u00e4s vidare\" href=\"https:\/\/www.arboretum-norr.se\/vanner\/2019\/lokala-naturvardens-dag-i-arboretum-norr\/\"> &#8230;<\/a><\/p>\n","protected":false},"author":797161,"featured_media":0,"comment_status":"closed","ping_status":"closed","sticky":false,"template":"","format":"standard","meta":{"footnotes":""},"categories":[1],"tags":[],"class_list":["post-588","post","type-post","status-publish","format-standard","hentry","category-nyheter"],"_links":{"self":[{"href":"https:\/\/www.arboretum-norr.se\/vanner\/wp-json\/wp\/v2\/posts\/588","targetHints":{"allow":["GET"]}}],"collection":[{"href":"https:\/\/www.arboretum-norr.se\/vanner\/wp-json\/wp\/v2\/posts"}],"about":[{"href":"https:\/\/www.arboretum-norr.se\/vanner\/wp-json\/wp\/v2\/types\/post"}],"author":[{"embeddable":true,"href":"https:\/\/www.arboretum-norr.se\/vanner\/wp-json\/wp\/v2\/users\/797161"}],"replies":[{"embeddable":true,"href":"https:\/\/www.arboretum-norr.se\/vanner\/wp-json\/wp\/v2\/comments?post=588"}],"version-history":[{"count":1,"href":"https:\/\/www.arboretum-norr.se\/vanner\/wp-json\/wp\/v2\/posts\/588\/revisions"}],"predecessor-version":[{"id":589,"href":"https:\/\/www.arboretum-norr.se\/vanner\/wp-json\/wp\/v2\/posts\/588\/revisions\/589"}],"wp:attachment":[{"href":"https:\/\/www.arboretum-norr.se\/vanner\/wp-json\/wp\/v2\/media?parent=588"}],"wp:term":[{"taxonomy":"category","embeddable":true,"href":"https:\/\/www.arboretum-norr.se\/vanner\/wp-json\/wp\/v2\/categories?post=588"},{"taxonomy":"post_tag","embeddable":true,"href":"https:\/\/www.arboretum-norr.se\/vanner\/wp-json\/wp\/v2\/tags?post=588"}],"curies":[{"name":"wp","href":"https:\/\/api.w.org\/{rel}","templated":true}]}}