{"id":678,"date":"2023-03-15T14:25:57","date_gmt":"2023-03-15T13:25:57","guid":{"rendered":"https:\/\/www.arboretum-norr.se\/vanner\/?p=678"},"modified":"2023-03-15T14:28:03","modified_gmt":"2023-03-15T13:28:03","slug":"verksamhetsberattelse-2022","status":"publish","type":"post","link":"https:\/\/www.arboretum-norr.se\/vanner\/2023\/verksamhetsberattelse-2022\/","title":{"rendered":"Verksamhetsber\u00e4ttelse 2022"},"content":{"rendered":"\n<figure class=\"wp-block-image is-resized\"><img loading=\"lazy\" decoding=\"async\" src=\"https:\/\/lh3.googleusercontent.com\/-ci-t0PUA_O7zWlWJtqoh1JwgJRJ5G_FvpmGp_4wEqhy7dsitR-4dX9MY39bzw11CtNorSZzgo1FS77MtpkvTPmmRglFOOIvJ38IPwYzRmjE47bBmx1CF4zAvlrs_Wg-DgUowlTh_lD4\" alt=\"\" width=\"312\" height=\"147\"\/><\/figure>\n\n\n\n<p><strong>Verksamhetsber\u00e4ttelse \u00e5r 2022<\/strong><\/p>\n\n\n\n<p><strong>Styrelsens sammans\u00e4ttning<\/strong> har varit enligt f\u00f6ljande. Ordf\u00f6rande: S\u00f6ren K\u00e4llgren,&nbsp;Vice ordf\u00f6rande: Jan-Erik H\u00e4llgren,&nbsp;Kass\u00f6r: Torsten\n Lindberg, Sekreterare:\n Tommy Nilsson,&nbsp;Styrelseledamot: Sonja Marklund, Styrelseledamot: \nPer-Anders Lindgren,&nbsp;Styrelseledamot: Sari Lindvall-\u00d6stling, \nStyrelsesuppleant: J\u00f6rgen Hajek,&nbsp;Styrelsesuppleant: Margita\n Sundell<\/p>\n\n\n\n<p>Revisorer:\n H\u00e5kan Gustavsson (sammankallande), Kjell \u00d6qvist samt revisorssuppleant \nCarsten Brunes.&nbsp;Valberedning: Torbj\u00f6rn Lestander (sammankallande), Sonja\n Marklund och Lisa Bergstr\u00f6m.&nbsp;<\/p>\n\n\n\n<p><strong>\u00c5rsm\u00f6te:<\/strong> Inget normalt \u00e5rsm\u00f6te h\u00f6lls detta \u00e5r.<\/p>\n\n\n\n<p><strong>Styrelsens m\u00f6ten har varit via Teams<\/strong> pga covidsituationen och \u00e4ven pga att S\u00f6ren K\u00e4llgren varit bosatt i Askersund.&nbsp;Informella m\u00f6ten\n har varit via mail och telefonsamtal. En uppdatering av listan p\u00e5 medlemmar har skett under \u00e5ret.<\/p>\n\n\n\n<p>Pandemin hade inte sl\u00e4ppt sitt grepp vid inledningen 2022. Det p\u00e5verkade planeringen.\n<strong>Ume\u00e5 stad <\/strong>skulle fira <strong>400 \u00e5rs jubileum<\/strong>, vilket gav \nf\u00f6reningen lite nya m\u00f6jligheter och vi ans\u00f6kte ocks\u00e5 om bidrag f\u00f6r \naktiviteter. Planen gjordes upp p\u00e5 februaris styrelsem\u00f6te. N\u00e4r beslutet \nfr\u00e5n Kommunen s\u00e5 sm\u00e5ningom kom s\u00e5 reducerades bidraget\n till mindre \u00e4n h\u00e4lften av s\u00f6kt beloppet, varf\u00f6r den planeringen fick \ng\u00f6ras om ett flertal g\u00e5nger under \u00e5ret.&nbsp;Aktiviteterna \u00e4r redovisade f\u00f6r kommunen och betalda.<\/p>\n\n\n\n<p>V\u00e4nnerna b\u00f6rjade med en <strong>medverkan p\u00e5 Fascinerande v\u00e4xters dag i maj.<\/strong>  D\u00e4r deltog v\u00e4nf\u00f6reningen med utst\u00e4llning av tr\u00e4d bla en mycket flikig  bj\u00f6rk som  vi l\u00e5nat fr\u00e5n Skogforsk och n\u00e5gra f\u00e4rgmutanter av granar. En visning av  Residensparken planerades och kottar som insamlats v\u00e4ckte stort  intresse bland barnen som bes\u00f6kte utst\u00e4llningen. Inget st\u00f6rre intresse  fanns f\u00f6r guidning i parken.<\/p>\n\n\n\n<p>Dagen efter den\n<strong>22 maj \u00e4gnades \u00e5t <\/strong><strong>bioloisk m\u00e5ngfald s\u00e4rskilt\nf\u00e5gelstudier i Arboretet.<\/strong><\/p>\n\n\n\n<p> \u00a0N\u00e4sta aktivitet kom att bli <strong>invigningen av campusarboretet.<\/strong>  Det blev en succ\u00e9 med m\u00e5nga deltagare (ca 150), nya plantor och  kontakter. Det blev en stor kontrast till n\u00e4sta aktivitet som var<strong> Arboretet i  h\u00f6stf\u00e4rger<\/strong>, en regndag 25 september med 3 deltagare.<strong> Arbetsdagen den1:a oktober<\/strong>  med\u00a0 m\u00e5nga medlemmar avslutade arbets\u00e5ret 2022. De ca 16\u00a0000 kronorna  fr\u00e5n Ume\u00e5 kommun delades ut och v\u00e4nnerna kunde gl\u00e4djas \u00e5t n\u00e5gra nya  medlemmar. Det negativa med  \u00e5ret var att Ume\u00e5 kommun gav tillst\u00e5nd till en detaljplanering av  bost\u00e4der p\u00e5 mark som disponeras av Arboretum Norr. Forts\u00e4ttning f\u00f6ljer 2023.<\/p>\n","protected":false},"excerpt":{"rendered":"<p>Verksamhetsber\u00e4ttelse \u00e5r 2022 Styrelsens sammans\u00e4ttning har varit enligt f\u00f6ljande. Ordf\u00f6rande: S\u00f6ren K\u00e4llgren,&nbsp;Vice ordf\u00f6rande: Jan-Erik H\u00e4llgren,&nbsp;Kass\u00f6r: Torsten Lindberg, Sekreterare: Tommy Nilsson,&nbsp;Styrelseledamot: Sonja Marklund, Styrelseledamot: Per-Anders Lindgren,&nbsp;Styrelseledamot: Sari Lindvall-\u00d6stling, Styrelsesuppleant: J\u00f6rgen Hajek,&nbsp;Styrelsesuppleant: Margita Sundell Revisorer: H\u00e5kan Gustavsson <a class=\"read-more\" title=\"L\u00e4s vidare\" href=\"https:\/\/www.arboretum-norr.se\/vanner\/2023\/verksamhetsberattelse-2022\/\"> &#8230;<\/a><\/p>\n","protected":false},"author":797161,"featured_media":0,"comment_status":"closed","ping_status":"closed","sticky":false,"template":"","format":"standard","meta":{"footnotes":""},"categories":[1],"tags":[],"class_list":["post-678","post","type-post","status-publish","format-standard","hentry","category-nyheter"],"_links":{"self":[{"href":"https:\/\/www.arboretum-norr.se\/vanner\/wp-json\/wp\/v2\/posts\/678","targetHints":{"allow":["GET"]}}],"collection":[{"href":"https:\/\/www.arboretum-norr.se\/vanner\/wp-json\/wp\/v2\/posts"}],"about":[{"href":"https:\/\/www.arboretum-norr.se\/vanner\/wp-json\/wp\/v2\/types\/post"}],"author":[{"embeddable":true,"href":"https:\/\/www.arboretum-norr.se\/vanner\/wp-json\/wp\/v2\/users\/797161"}],"replies":[{"embeddable":true,"href":"https:\/\/www.arboretum-norr.se\/vanner\/wp-json\/wp\/v2\/comments?post=678"}],"version-history":[{"count":3,"href":"https:\/\/www.arboretum-norr.se\/vanner\/wp-json\/wp\/v2\/posts\/678\/revisions"}],"predecessor-version":[{"id":681,"href":"https:\/\/www.arboretum-norr.se\/vanner\/wp-json\/wp\/v2\/posts\/678\/revisions\/681"}],"wp:attachment":[{"href":"https:\/\/www.arboretum-norr.se\/vanner\/wp-json\/wp\/v2\/media?parent=678"}],"wp:term":[{"taxonomy":"category","embeddable":true,"href":"https:\/\/www.arboretum-norr.se\/vanner\/wp-json\/wp\/v2\/categories?post=678"},{"taxonomy":"post_tag","embeddable":true,"href":"https:\/\/www.arboretum-norr.se\/vanner\/wp-json\/wp\/v2\/tags?post=678"}],"curies":[{"name":"wp","href":"https:\/\/api.w.org\/{rel}","templated":true}]}}