{"id":743,"date":"2024-02-12T09:53:29","date_gmt":"2024-02-12T08:53:29","guid":{"rendered":"https:\/\/www.arboretum-norr.se\/vanner\/?p=743"},"modified":"2024-02-13T13:30:10","modified_gmt":"2024-02-13T12:30:10","slug":"verksamhetsberattelse-2023","status":"publish","type":"post","link":"https:\/\/www.arboretum-norr.se\/vanner\/2024\/verksamhetsberattelse-2023\/","title":{"rendered":"Verksamhetsber\u00e4ttelse 2023"},"content":{"rendered":"\n<p>Styrelsens\nsammans\u00e4ttning har varit enligt f\u00f6ljande; Ordf\u00f6rande Jan-Erik\nH\u00e4llgren, Vice Ordf\u00f6rande J\u00f6rgen Hajek, Kass\u00f6r Torsten Lindberg,\nSekreterare Tommy Nilsson, Styrelseledam\u00f6ter Per-Anders Lindgren,\noch Charlotta Erefur, Styrelsesuppleanter Ulfstand Wennstr\u00f6m och\nSari Lindvall- \u00d6stling.<\/p>\n\n\n\n<p>\u00c5rsm\u00f6tet\nh\u00f6lls den 20 mars 2023 p\u00e5 Folkets Hus i Ume\u00e5.<\/p>\n\n\n\n<p>M\u00f6tet\nbeslutade ocks\u00e5 att tidigare f\u00f6rest\u00e5ndare f\u00f6r Arboretum Norr och\n\u00e4ven ordf\u00f6rande i v\u00e4nf\u00f6reningen S\u00f6ren K\u00e4llgren skulle utses\ntill  hedersmedlem i Arboretum Norrs V\u00e4nner.<\/p>\n\n\n\n<p>Konstituerande\nm\u00f6te h\u00f6lls 19 april med fyra styrelseledam\u00f6ter n\u00e4rvarande och d\u00e5\nbeslutades om fullmakter att teckna firma, och v\u00e5rens aktiviteter\nplanerades.  Styrelsen beslutade att med hj\u00e4lp av SLUs\nskogsfakultets personal p\u00e5 f\u00f6rs\u00f6ksparken utreda status f\u00f6r\n\u201dArboretet\u201d i G\u00e4llivare ifall vi skulle g\u00f6ra en exkursion dit. \n<\/p>\n\n\n\n<p>Arbetsdagen\nden 3 juni i Baggb\u00f6le lockade tyv\u00e4rr relativt mycket f\u00e5 medlemmar.\nV\u00e4dret var inte heller idealt, regn, och kyla. N\u00e5got styrelsem\u00f6te\nvar inte aktuellt. \n<\/p>\n\n\n\n<p>F\u00f6ljande\nstyrelsem\u00f6te h\u00f6lls den 13 juni i Berg och behandlade nyheter fr\u00e5n\nArboretum Norr, och planering av fortsatta aktiviteter under \u00e5ret.\nNaturligtvis besiktigades ocks\u00e5 sev\u00e4rdheter i terr\u00e4ngen i Berg. \n<\/p>\n\n\n\n<p>Under b\u00f6rjan\nav september, 1-14:e fick Arboretum Norrs V\u00e4nner m\u00f6jlighet att\npresentera sig p\u00e5 V\u00e4ven. Vi gjorde en utst\u00e4llning av en del tr\u00e4d,\npresentationer av Arboretum Norr och 2 quiz som bes\u00f6karna skulle\nkunna fylla och m\u00f6jligtvis vinna en v\u00e4ska. 4 personer hade alla\nr\u00e4tt p\u00e5 det enklare, \u201dbarnquizet\u201d, meden ingen klarade den\nsv\u00e5rare utmaningen. M\u00e5nga bes\u00f6kare fanns p\u00e5 biblioteket men n\u00e5gon\nst\u00f6rre tillstr\u00f6mning av medlemmar blev det inte.<\/p>\n\n\n\n<p>Den andra\narbetsdagen i arboretet h\u00f6lls i slutet av september (29:e), och\nsamlade n\u00e5gra fler deltagare, men inte tillr\u00e4ckligt m\u00e5nga fr\u00e5n\nstyrelsen kunde deltaga, s\u00e5 n\u00e5got protokollf\u00f6rt styrelsem\u00f6te\nh\u00f6lls inte. Att s\u00e4tta ut skyltar om tr\u00e4d p\u00e5 arboretet\nom\u00f6jliggjordes av sn\u00f6fallet i b\u00f6rjan av november, s\u00e5 det f\u00e5r bli\ndel av v\u00e5rens arbete.<\/p>\n\n\n\n<p>Eftersom\ntidsandan \u00e4r s\u00e5dan att finna en l\u00e4mplig tid f\u00f6r m\u00e5nga att\ntr\u00e4ffas \u00e4r n\u00e4rap\u00e5 om\u00f6jligt s\u00e5 kunde n\u00e4sta tr\u00e4ff inte h\u00e5llas\ni november\/december. Vii beslutade att ist\u00e4llet tr\u00e4ffas i b\u00f6rjan\nav januari (den 8:e). Summering av \u00e5ret samt planering f\u00f6r 2024 var\nfr\u00e5gor som avhandlades. \u00c5rsm\u00f6te t best\u00e4mdes till den 27 februari.\nAntalet medlemmar i f\u00f6reningen och \u00e5ldersf\u00f6rdelningen \u00e4r\nsannolikt de st\u00f6rsta utmaningarna som styrelsen m\u00e5ste ta hand om,\nvid sidan av f\u00f6rsvaret f\u00f6r Arboretets markomr\u00e5den.<\/p>\n\n\n\n<p>F\u00f6rutom\novanst\u00e5ende har ordf\u00f6rande deltagit i Stiftelsen Arboretum Norrs\nm\u00f6ten under \u00e5ret. Arboretum Norrs V\u00e4nner har en\nstyrelseledamotsplats i Stiftelsen. N\u00e5gra nyheter fr\u00e5n \u00e4garen av\nBaggb\u00f6le herrg\u00e5rd har inte inl\u00e4mnats och \u00e4rendet om\nnybyggnationer st\u00e5r stilla. Kommunen har inte heller f\u00e4rdigst\u00e4llt\nn\u00e5gon detaljplan. Eftersom markfr\u00e5gan \u00e4r den i s\u00e4rklass\nviktigaste f\u00f6r Arboretet s\u00e5 kommer ANV f\u00f6lja utvecklingen noga och\nagera f\u00f6r Arboretets b\u00e4sta. ANV har ocks\u00e5 uppvaktat Ume\u00e5 kommun\nmed \u00f6nskan om \u00f6kat grundanslag f\u00f6r utveckling och drift av\nArboretum i Baggb\u00f6le. ANV har ocks\u00e5 f\u00f6rs\u00f6kt att uppgradera\nhemsidan med n\u00e5gra artiklar om sev\u00e4rda tr\u00e4d.<\/p>\n","protected":false},"excerpt":{"rendered":"<p>Styrelsens sammans\u00e4ttning har varit enligt f\u00f6ljande; Ordf\u00f6rande Jan-Erik H\u00e4llgren, Vice Ordf\u00f6rande J\u00f6rgen Hajek, Kass\u00f6r Torsten Lindberg, Sekreterare Tommy Nilsson, Styrelseledam\u00f6ter Per-Anders Lindgren, och Charlotta Erefur, Styrelsesuppleanter Ulfstand Wennstr\u00f6m och Sari Lindvall- \u00d6stling. \u00c5rsm\u00f6tet h\u00f6lls den <a class=\"read-more\" title=\"L\u00e4s vidare\" href=\"https:\/\/www.arboretum-norr.se\/vanner\/2024\/verksamhetsberattelse-2023\/\"> &#8230;<\/a><\/p>\n","protected":false},"author":797161,"featured_media":0,"comment_status":"closed","ping_status":"closed","sticky":false,"template":"","format":"standard","meta":{"footnotes":""},"categories":[1],"tags":[],"class_list":["post-743","post","type-post","status-publish","format-standard","hentry","category-nyheter"],"_links":{"self":[{"href":"https:\/\/www.arboretum-norr.se\/vanner\/wp-json\/wp\/v2\/posts\/743","targetHints":{"allow":["GET"]}}],"collection":[{"href":"https:\/\/www.arboretum-norr.se\/vanner\/wp-json\/wp\/v2\/posts"}],"about":[{"href":"https:\/\/www.arboretum-norr.se\/vanner\/wp-json\/wp\/v2\/types\/post"}],"author":[{"embeddable":true,"href":"https:\/\/www.arboretum-norr.se\/vanner\/wp-json\/wp\/v2\/users\/797161"}],"replies":[{"embeddable":true,"href":"https:\/\/www.arboretum-norr.se\/vanner\/wp-json\/wp\/v2\/comments?post=743"}],"version-history":[{"count":2,"href":"https:\/\/www.arboretum-norr.se\/vanner\/wp-json\/wp\/v2\/posts\/743\/revisions"}],"predecessor-version":[{"id":751,"href":"https:\/\/www.arboretum-norr.se\/vanner\/wp-json\/wp\/v2\/posts\/743\/revisions\/751"}],"wp:attachment":[{"href":"https:\/\/www.arboretum-norr.se\/vanner\/wp-json\/wp\/v2\/media?parent=743"}],"wp:term":[{"taxonomy":"category","embeddable":true,"href":"https:\/\/www.arboretum-norr.se\/vanner\/wp-json\/wp\/v2\/categories?post=743"},{"taxonomy":"post_tag","embeddable":true,"href":"https:\/\/www.arboretum-norr.se\/vanner\/wp-json\/wp\/v2\/tags?post=743"}],"curies":[{"name":"wp","href":"https:\/\/api.w.org\/{rel}","templated":true}]}}