{"id":810,"date":"2025-03-07T09:22:05","date_gmt":"2025-03-07T08:22:05","guid":{"rendered":"https:\/\/www.arboretum-norr.se\/vanner\/?p=810"},"modified":"2025-03-07T09:22:05","modified_gmt":"2025-03-07T08:22:05","slug":"arsmote-2025","status":"publish","type":"post","link":"https:\/\/www.arboretum-norr.se\/vanner\/2025\/arsmote-2025\/","title":{"rendered":"\u00c5rsm\u00f6te 2025"},"content":{"rendered":"\n<p>Hej,\nalla arboretumv\u00e4nner.&nbsp;<\/p>\n\n\n\n<p>Vi\nvill bjuda in er till ett nytt \u00e5r d\u00e5 vi ska hj\u00e4lpa till och st\u00f6dja Arboretum\nNorr tr\u00e4dsamling i Baggb\u00f6le och arbetet p\u00e5 campus i Ume\u00e5.&nbsp;<\/p>\n\n\n\n<p>\u00c5rsm\u00f6tet\nblir i \u00e5r den 12 mars p\u00e5 Folkets Hus i Ume\u00e5 kl 18, sal Embla.. Vanliga\n\u00e5rsm\u00f6tesf\u00f6rhandlingar f\u00f6ljt av kaffe med minisemla.&nbsp;<\/p>\n\n\n\n<p>\u00c5rets\ntalare p\u00e5 m\u00f6tet blir Bo Strandgren som kommer att ber\u00e4tta om familjens\nsp\u00e4nnande tr\u00e4dg\u00e5rd i T\u00e4fte\u00e5 men m\u00e5nga intressanta barrtr\u00e4d och mycket annat.<br>\n<br>\nVi vill ocks\u00e5 p\u00e5minna om v\u00e5r arbetsdag&nbsp; l\u00f6rdagen den 5:e april, d\u00e5 vi ska\narbeta med rotning av sticklingar av vedartade v\u00e4xter och ympning av \u00e4ppeltr\u00e4d.<\/p>\n\n\n\n<p>&nbsp;Ni\n\u00e4r mycket v\u00e4lkomna till Skogforsk i S\u00e4var kl 12 p\u00e5 l\u00f6rdagen 5:e april och gl\u00f6m\ninte att ta med er de egna sticklingarna&nbsp; och \u00e4ven egna ympar av \u00e4pple om\nni har n\u00e5got speciellt.<\/p>\n\n\n\n<p>Ett\nsj\u00e4lvkostnadspris f\u00f6r material som grundstammar, ympris, etc &nbsp;p\u00e5100 kr \/\nstyck m\u00e5ste vi ta ut. Ta g\u00e4rna med er fika ocks\u00e5.<\/p>\n\n\n\n<p>Hj\u00e4rtligt\nv\u00e4lkomna!<\/p>\n\n\n\n<p>ANVs styrelse<\/p>\n\n\n\n<p>p.s.&nbsp;\nkom ih\u00e5g att betala in medlemsavgiften. Meddela namn och epostadress<\/p>\n\n\n\n<p>300\nkr f\u00f6r familj<\/p>\n\n\n\n<p>250\nkr enskild medlem<\/p>\n\n\n\n<p>100\nkr f\u00f6r student<\/p>\n","protected":false},"excerpt":{"rendered":"<p>Hej, alla arboretumv\u00e4nner.&nbsp; Vi vill bjuda in er till ett nytt \u00e5r d\u00e5 vi ska hj\u00e4lpa till och st\u00f6dja Arboretum Norr tr\u00e4dsamling i Baggb\u00f6le och arbetet p\u00e5 campus i Ume\u00e5.&nbsp; \u00c5rsm\u00f6tet blir i \u00e5r den <a class=\"read-more\" title=\"L\u00e4s vidare\" href=\"https:\/\/www.arboretum-norr.se\/vanner\/2025\/arsmote-2025\/\"> &#8230;<\/a><\/p>\n","protected":false},"author":797161,"featured_media":0,"comment_status":"closed","ping_status":"closed","sticky":false,"template":"","format":"standard","meta":{"footnotes":""},"categories":[1],"tags":[],"class_list":["post-810","post","type-post","status-publish","format-standard","hentry","category-nyheter"],"_links":{"self":[{"href":"https:\/\/www.arboretum-norr.se\/vanner\/wp-json\/wp\/v2\/posts\/810","targetHints":{"allow":["GET"]}}],"collection":[{"href":"https:\/\/www.arboretum-norr.se\/vanner\/wp-json\/wp\/v2\/posts"}],"about":[{"href":"https:\/\/www.arboretum-norr.se\/vanner\/wp-json\/wp\/v2\/types\/post"}],"author":[{"embeddable":true,"href":"https:\/\/www.arboretum-norr.se\/vanner\/wp-json\/wp\/v2\/users\/797161"}],"replies":[{"embeddable":true,"href":"https:\/\/www.arboretum-norr.se\/vanner\/wp-json\/wp\/v2\/comments?post=810"}],"version-history":[{"count":1,"href":"https:\/\/www.arboretum-norr.se\/vanner\/wp-json\/wp\/v2\/posts\/810\/revisions"}],"predecessor-version":[{"id":811,"href":"https:\/\/www.arboretum-norr.se\/vanner\/wp-json\/wp\/v2\/posts\/810\/revisions\/811"}],"wp:attachment":[{"href":"https:\/\/www.arboretum-norr.se\/vanner\/wp-json\/wp\/v2\/media?parent=810"}],"wp:term":[{"taxonomy":"category","embeddable":true,"href":"https:\/\/www.arboretum-norr.se\/vanner\/wp-json\/wp\/v2\/categories?post=810"},{"taxonomy":"post_tag","embeddable":true,"href":"https:\/\/www.arboretum-norr.se\/vanner\/wp-json\/wp\/v2\/tags?post=810"}],"curies":[{"name":"wp","href":"https:\/\/api.w.org\/{rel}","templated":true}]}}