{"id":959,"date":"2026-01-15T15:06:03","date_gmt":"2026-01-15T14:06:03","guid":{"rendered":"https:\/\/www.arboretum-norr.se\/vanner\/?p=959"},"modified":"2026-04-30T15:07:23","modified_gmt":"2026-04-30T13:07:23","slug":"arsmote-2026","status":"publish","type":"post","link":"https:\/\/www.arboretum-norr.se\/vanner\/2026\/arsmote-2026\/","title":{"rendered":"\u00c5rsm\u00f6te 2026"},"content":{"rendered":"\n<p>Hej,<\/p>\n\n\n\n<p>V\u00e4lkomna till Arboretum Norrs V\u00e4nners \u00e5rsm\u00f6te p\u00e5<\/p>\n\n\n\n<p><strong>Folkets Hus&nbsp; m\u00e5ndagen den 23 Februari kl 18<\/strong>,<\/p>\n\n\n\n<p>(lokal i huset se info i entr\u00e9n till Folkets hus).<\/p>\n\n\n\n<p><br>M\u00f6tet b\u00f6rjar mes traditionella \u00e5rsm\u00f6tesf\u00f6rhandlingar som innefattar<\/p>\n\n\n\n<p>&#8211; \u00e5rsber\u00e4ttelse.<\/p>\n\n\n\n<p>&#8211; redovisning av&nbsp; ekonomi,<\/p>\n\n\n\n<p>&#8211; val av funktion\u00e4rer p\u00e5 m\u00f6tet .<\/p>\n\n\n\n<p>&#8211; Redovisning av&nbsp; bokslut och balansr\u00e4kning samt&nbsp; budget och<\/p>\n\n\n\n<p>&#8211; valberedningens f\u00f6rslag till&nbsp; val av styrelse, revisorer och valberedning och val av dessa.<\/p>\n\n\n\n<p>Efter det tar vi en en fika paus ca kl 19, med minisemla.<\/p>\n\n\n\n<p>Efter paus kommer <strong>Magnus Lingeg\u00e5rd<\/strong> att avsluta m\u00f6tet med&nbsp;<\/p>\n\n\n\n<p><strong>\u201d<\/strong><strong>N\u00e5gra ord fr\u00e5n&nbsp; stadstr\u00e4dg\u00e5rdsm\u00e4staren\u201d<\/strong>,<\/p>\n\n\n\n<p>M\u00f6tet avslutas med en liten fr\u00e5gestund med stadstr\u00e4dg\u00e5rdsm\u00e4staren f\u00f6re kl 20.<\/p>\n\n\n\n<p>V\u00e4lkomna till ANVs \u00e5rsm\u00f6te. &#8212;<\/p>\n\n\n\n<p>H\u00e4lsningar<\/p>\n\n\n\n<p>Torsten Lindberg<\/p>\n","protected":false},"excerpt":{"rendered":"<p>Hej, V\u00e4lkomna till Arboretum Norrs V\u00e4nners \u00e5rsm\u00f6te p\u00e5 Folkets Hus&nbsp; m\u00e5ndagen den 23 Februari kl 18, (lokal i huset se info i entr\u00e9n till Folkets hus). M\u00f6tet b\u00f6rjar mes traditionella \u00e5rsm\u00f6tesf\u00f6rhandlingar som innefattar &#8211; \u00e5rsber\u00e4ttelse. <a class=\"read-more\" title=\"L\u00e4s vidare\" href=\"https:\/\/www.arboretum-norr.se\/vanner\/2026\/arsmote-2026\/\"> &#8230;<\/a><\/p>\n","protected":false},"author":797161,"featured_media":0,"comment_status":"closed","ping_status":"closed","sticky":false,"template":"","format":"standard","meta":{"footnotes":""},"categories":[1],"tags":[],"class_list":["post-959","post","type-post","status-publish","format-standard","hentry","category-nyheter"],"_links":{"self":[{"href":"https:\/\/www.arboretum-norr.se\/vanner\/wp-json\/wp\/v2\/posts\/959","targetHints":{"allow":["GET"]}}],"collection":[{"href":"https:\/\/www.arboretum-norr.se\/vanner\/wp-json\/wp\/v2\/posts"}],"about":[{"href":"https:\/\/www.arboretum-norr.se\/vanner\/wp-json\/wp\/v2\/types\/post"}],"author":[{"embeddable":true,"href":"https:\/\/www.arboretum-norr.se\/vanner\/wp-json\/wp\/v2\/users\/797161"}],"replies":[{"embeddable":true,"href":"https:\/\/www.arboretum-norr.se\/vanner\/wp-json\/wp\/v2\/comments?post=959"}],"version-history":[{"count":1,"href":"https:\/\/www.arboretum-norr.se\/vanner\/wp-json\/wp\/v2\/posts\/959\/revisions"}],"predecessor-version":[{"id":960,"href":"https:\/\/www.arboretum-norr.se\/vanner\/wp-json\/wp\/v2\/posts\/959\/revisions\/960"}],"wp:attachment":[{"href":"https:\/\/www.arboretum-norr.se\/vanner\/wp-json\/wp\/v2\/media?parent=959"}],"wp:term":[{"taxonomy":"category","embeddable":true,"href":"https:\/\/www.arboretum-norr.se\/vanner\/wp-json\/wp\/v2\/categories?post=959"},{"taxonomy":"post_tag","embeddable":true,"href":"https:\/\/www.arboretum-norr.se\/vanner\/wp-json\/wp\/v2\/tags?post=959"}],"curies":[{"name":"wp","href":"https:\/\/api.w.org\/{rel}","templated":true}]}}